{"id":215546,"date":"2021-12-16T12:11:13","date_gmt":"2021-12-16T11:11:13","guid":{"rendered":"https:\/\/www.cronacaonline.it\/?p=215546"},"modified":"2021-12-16T12:11:15","modified_gmt":"2021-12-16T11:11:15","slug":"tecnocasic-la-regione-sardegna-interviene-con-misure-dedicate-ai-lavoratori-che-dovranno-seguire-la-fermata-degli-impianti-lassessore-zedda-pronti-ad-attivare-le-procedure","status":"publish","type":"post","link":"https:\/\/www.cronacaonline.it\/index.php\/2021\/12\/16\/tecnocasic-la-regione-sardegna-interviene-con-misure-dedicate-ai-lavoratori-che-dovranno-seguire-la-fermata-degli-impianti-lassessore-zedda-pronti-ad-attivare-le-procedure\/","title":{"rendered":"Tecnocasic, la Regione Sardegna interviene con misure dedicate ai lavoratori che dovranno seguire la fermata degli impianti. L\u2019assessore Zedda: \u201cpronti ad attivare le procedure\u201d."},"content":{"rendered":"\n<p>Cagliari, 16 Dic 2021 \u2013\u00a0Approvati gli interventi straordinari in favore dei lavoratori dipendenti del Tecnocasic, direttamente coinvolti dalla sospensione dell'attivit\u00e0 lavorativa a causa della fermata degli impianti di termovalorizzazione interessati all\u2019attivit\u00e0 di revamping dei forni. In particolare, su proposta dell\u2019Assessore del Lavoro Alessandra Zedda, la Giunta ha approvato lo stanziamento di\u00a0756mila euro per l\u2019attivazione di misure di politiche del lavoro in favore del personale.<\/p>\n\n\n\n<p>La necessit\u00e0 di un intervento da parte della Regione nasce per effetto degli interventi di riqualificazione che interesseranno la societ\u00e0 in house del Consorzio industriale di Cagliari attiva nella gestione degli impianti tecnologici consortili per la distribuzione dell'acqua industriale, la depurazione delle acque reflue industriali e urbane, lo smaltimento dei rifiuti solidi urbani, speciali, dei fanghi biologici e di origine industriale. La Tecnocasic sar\u00e0 infatti oggetto di un\u2019importante intervento di ammodernamento per il quale sono state stanziate dal Cipe risorse pari a euro 46.906.471, che comporter\u00e0 una obbligata interruzione dell\u2019attivit\u00e0 produttiva per&nbsp;48 mesi.<\/p>\n\n\n\n<p>La fermata interessa un contingente di lavoratori nei confronti dei quali si \u00e8 ritenuto opportuno programmare una serie integrata di misure di politiche del lavoro, funzionali a ridurre quanto possibile le situazioni di disagio cui gli stessi sarebbero soggetti in una situazione di arresto degli impianti. \u201cSi tratta di una misura finalizzata a ridurre al minimo i contraccolpi della crisi, evitando licenziamenti, e a trovare soluzioni alternative per i lavoratori favorendone la riqualificazione\u201d, ha spiegato l\u2019Assessore del Lavoro Alessandra Zedda.<\/p>\n\n\n\n<p>Per alcuni dei lavoratori, quelli prossimi alla pensione, \u00e8 infatti prevista la possibile attivazione di accompagnamento alla cessazione volontaria dell'attivit\u00e0 lavorativa, per altri sar\u00e0 possibile attivare la procedura di distacco e di impiego presso gli Enti territoriali. Tutti i lavoratori interessati dal programma, in modo specifico coloro che intendano interrompere volontariamente il rapporto di lavoro, saranno interessati dagli specifici percorsi di presa in carico e orientamento previsti dal sistema regionale dei Servizi per l'impiego, la cui responsabilit\u00e0 tecnico gestionale \u00e8 attribuita all'Agenzia sarda per le politiche attive del lavoro (Aspal). Com<\/p>\n","protected":false},"excerpt":{"rendered":"<p>Cagliari, 16 Dic 2021 \u2013\u00a0Approvati gli interventi straordinari in favore dei lavoratori dipendenti del Tecnocasic, direttamente coinvolti dalla sospensione dell&#8217;attivit\u00e0 lavorativa a causa della fermata&#8230;<\/p>\n","protected":false},"author":2,"featured_media":203004,"comment_status":"closed","ping_status":"open","sticky":false,"template":"","format":"standard","meta":[],"categories":[49,52],"tags":[],"_links":{"self":[{"href":"https:\/\/www.cronacaonline.it\/index.php\/wp-json\/wp\/v2\/posts\/215546"}],"collection":[{"href":"https:\/\/www.cronacaonline.it\/index.php\/wp-json\/wp\/v2\/posts"}],"about":[{"href":"https:\/\/www.cronacaonline.it\/index.php\/wp-json\/wp\/v2\/types\/post"}],"author":[{"embeddable":true,"href":"https:\/\/www.cronacaonline.it\/index.php\/wp-json\/wp\/v2\/users\/2"}],"replies":[{"embeddable":true,"href":"https:\/\/www.cronacaonline.it\/index.php\/wp-json\/wp\/v2\/comments?post=215546"}],"version-history":[{"count":1,"href":"https:\/\/www.cronacaonline.it\/index.php\/wp-json\/wp\/v2\/posts\/215546\/revisions"}],"predecessor-version":[{"id":215547,"href":"https:\/\/www.cronacaonline.it\/index.php\/wp-json\/wp\/v2\/posts\/215546\/revisions\/215547"}],"wp:featuredmedia":[{"embeddable":true,"href":"https:\/\/www.cronacaonline.it\/index.php\/wp-json\/wp\/v2\/media\/203004"}],"wp:attachment":[{"href":"https:\/\/www.cronacaonline.it\/index.php\/wp-json\/wp\/v2\/media?parent=215546"}],"wp:term":[{"taxonomy":"category","embeddable":true,"href":"https:\/\/www.cronacaonline.it\/index.php\/wp-json\/wp\/v2\/categories?post=215546"},{"taxonomy":"post_tag","embeddable":true,"href":"https:\/\/www.cronacaonline.it\/index.php\/wp-json\/wp\/v2\/tags?post=215546"}],"curies":[{"name":"wp","href":"https:\/\/api.w.org\/{rel}","templated":true}]}}