{"id":215524,"date":"2021-12-15T17:21:18","date_gmt":"2021-12-15T16:21:18","guid":{"rendered":"https:\/\/www.cronacaonline.it\/?p=215524"},"modified":"2021-12-15T17:21:21","modified_gmt":"2021-12-15T16:21:21","slug":"lavoro-approvate-le-disposizioni-attuative-per-finanziare-lacquisizione-e-il-rinnovo-delle-patenti-c-e-cqc-d-e-cqc-ed-e","status":"publish","type":"post","link":"https:\/\/www.cronacaonline.it\/index.php\/2021\/12\/15\/lavoro-approvate-le-disposizioni-attuative-per-finanziare-lacquisizione-e-il-rinnovo-delle-patenti-c-e-cqc-d-e-cqc-ed-e\/","title":{"rendered":"Lavoro, approvate le disposizioni attuative per finanziare l\u2019acquisizione e il rinnovo delle patenti C E Cqc, D E Cqc ed E."},"content":{"rendered":"\n<p>Cagliari, 15 Dic 2021 \u2013\u00a0Entra nel vivo un\u2019altra delle misure disposte dall\u2019Assessorato del Lavoro per favorire l\u2019occupazione e generare nuove opportunit\u00e0 attraverso percorsi formativi mirati. Su proposta dell\u2019Assessore del Lavoro, Alessandra Zedda, la Giunta regionale ha infatti approvato le disposizioni attuative per l\u2019esecuzione degli interventi rivolti al conseguimento delle patenti\u00a0C e CQC, D e CQC ed E annunciati nelle scorse settimane, consentendo quindi l\u2019avvio dell\u2019intervento. \u201cCon questa misura facciamo realmente incontrare domanda e offerta dando una risposta concreta al fabbisogno delle aziende di trasporto e logistica e offrendo nuove possibilit\u00e0 formative a chi in questo momento non ha un lavoro stabile\u201d, ha spiegato l\u2019Assessore del Lavoro Alessandra Zedda che in appena 15 giorni ha dato corso all\u2019intervento annunciato tracciando le direttive attuative per gli uffici, passaggio necessario per avviare il progetto di formazione.<\/p>\n\n\n\n<p>I voucher dell\u2019importo massimo di 3.500 euro verranno assegnati previo apposito avviso pubblico emanato dall'Agenzia sarda per le politiche attive del lavoro, Aspal, rivolto ai disoccupati e alle disoccupate in possesso della DID, in esito al quale verr\u00e0 definito un elenco di soggetti ammissibili. La misura, per un principio di equit\u00e0 sociale, comprende per\u00f2 anche i soggetti disoccupati che pur essendo gi\u00e0 in possesso delle patenti e delle qualificazioni in questione non hanno potuto procedere all'eventuale rinnovo a causa delle contingenti situazioni socio-economiche causate dalla pandemia da Covid-19.<\/p>\n\n\n\n<p>L 'Aspal attiver\u00e0 ora i necessari atti per il coinvolgimento del sistema camerale sardo rappresentato da Unioncamere Sardegna, che si far\u00e0 carico, sul territorio, attraverso le Camere di Commercio competenti, di individuare con procedure ad evidenza pubblica i soggetti che dovranno fornire i percorsi formativi per il conseguimento delle patenti e delle qualificazioni o eventuali rinnovi.<\/p>\n\n\n\n<p>L'elenco dei disoccupati e delle disoccupate, redatto sulla base dell'ordine cronologico di presentazione delle istanze sar\u00e0 inviato dall'ASPAL a Unioncamere Sardegna, che indirizzer\u00e0 i beneficiari ai soggetti deputati alla formazione dislocati sul territorio regionale. Le Camere di Commercio competenti per territorio provvederanno a erogare il voucher assegnato ai beneficiari, liquidando il relativo importo direttamente al soggetto che ha fornito l'attivit\u00e0 formativa al termine del percorso e&nbsp;dopo il conseguimento della patente, ovvero della qualificazione o rinnovo. Com<\/p>\n","protected":false},"excerpt":{"rendered":"<p>Cagliari, 15 Dic 2021 \u2013\u00a0Entra nel vivo un\u2019altra delle misure disposte dall\u2019Assessorato del Lavoro per favorire l\u2019occupazione e generare nuove opportunit\u00e0 attraverso percorsi formativi mirati.&#8230;<\/p>\n","protected":false},"author":2,"featured_media":203004,"comment_status":"closed","ping_status":"open","sticky":false,"template":"","format":"standard","meta":[],"categories":[49,52],"tags":[],"_links":{"self":[{"href":"https:\/\/www.cronacaonline.it\/index.php\/wp-json\/wp\/v2\/posts\/215524"}],"collection":[{"href":"https:\/\/www.cronacaonline.it\/index.php\/wp-json\/wp\/v2\/posts"}],"about":[{"href":"https:\/\/www.cronacaonline.it\/index.php\/wp-json\/wp\/v2\/types\/post"}],"author":[{"embeddable":true,"href":"https:\/\/www.cronacaonline.it\/index.php\/wp-json\/wp\/v2\/users\/2"}],"replies":[{"embeddable":true,"href":"https:\/\/www.cronacaonline.it\/index.php\/wp-json\/wp\/v2\/comments?post=215524"}],"version-history":[{"count":1,"href":"https:\/\/www.cronacaonline.it\/index.php\/wp-json\/wp\/v2\/posts\/215524\/revisions"}],"predecessor-version":[{"id":215525,"href":"https:\/\/www.cronacaonline.it\/index.php\/wp-json\/wp\/v2\/posts\/215524\/revisions\/215525"}],"wp:featuredmedia":[{"embeddable":true,"href":"https:\/\/www.cronacaonline.it\/index.php\/wp-json\/wp\/v2\/media\/203004"}],"wp:attachment":[{"href":"https:\/\/www.cronacaonline.it\/index.php\/wp-json\/wp\/v2\/media?parent=215524"}],"wp:term":[{"taxonomy":"category","embeddable":true,"href":"https:\/\/www.cronacaonline.it\/index.php\/wp-json\/wp\/v2\/categories?post=215524"},{"taxonomy":"post_tag","embeddable":true,"href":"https:\/\/www.cronacaonline.it\/index.php\/wp-json\/wp\/v2\/tags?post=215524"}],"curies":[{"name":"wp","href":"https:\/\/api.w.org\/{rel}","templated":true}]}}