{"id":215514,"date":"2021-12-15T15:47:29","date_gmt":"2021-12-15T14:47:29","guid":{"rendered":"https:\/\/www.cronacaonline.it\/?p=215514"},"modified":"2021-12-15T15:47:31","modified_gmt":"2021-12-15T14:47:31","slug":"campagna-vaccinale-anti-covid-per-i-piu-piccoli-a-cagliari-si-parte-con-lopen-day-la-regione-sardegna-in-campo-con-tutte-le-sue-forze-per-potenziare-le-nostre-difese-contro-il-virus","status":"publish","type":"post","link":"https:\/\/www.cronacaonline.it\/index.php\/2021\/12\/15\/campagna-vaccinale-anti-covid-per-i-piu-piccoli-a-cagliari-si-parte-con-lopen-day-la-regione-sardegna-in-campo-con-tutte-le-sue-forze-per-potenziare-le-nostre-difese-contro-il-virus\/","title":{"rendered":"Campagna vaccinale anti Covid per i pi\u00f9 piccoli: a Cagliari si parte con l\u2019open day. La Regione Sardegna in campo con tutte le sue forze per potenziare le nostre difese contro il virus\u201d."},"content":{"rendered":"\n<p>Cagliari, 15 Dic 2021 \u2013\u00a0Partiranno domani con un Open day, programmato a Cagliari, le vaccinazioni anti-Covid in et\u00e0 pediatrica. Le somministrazioni ai nati dal 2010 al 2016, che abbiano gi\u00e0 compiuto 5 anni, si terranno dalle 14 alle 19 nell\u2019hub dedicato nel centro congressi della Fiera della Sardegna, con percorsi e personale riservati ai pi\u00f9 piccoli.<\/p>\n\n\n\n<p>In tutta l\u2019Isola da domani, gioved\u00ec 16 dicembre, a partire dalle ore 12, sempre per questa fascia d\u2019et\u00e0, \u00e8 confermata l\u2019apertura delle prenotazioni che potranno essere effettuate attraverso la piattaforma di Poste Italiane, via web all\u2019indirizzo<a href=\"http:\/\/prenotazioni.vaccinicovid.gov.it\/\" target=\"_blank\" rel=\"noreferrer noopener\">&nbsp;http:\/\/prenotazioni.vaccinicovid.gov.it\/&nbsp;<\/a>o numero verde 800 00 99 66 (attivo tutti i giorni dalle 8 alle 20), oppure tramite i portalettere o gli Atm di Poste Italiane. Per i prenotati le vaccinazioni partiranno gi\u00e0 da domani ad Alghero e Iglesias, mentre a Oristano le prime somministrazioni saranno eseguite venerd\u00ec. Sabato si aggiungeranno anche i punti di vaccinazione di Ozieri, Sassari (Rizzeddu) e Olbia. Dal 19 via alle vaccinazioni dei piccoli anche a Nuoro, mentre i primi slot a San Gavino saranno disponibili dal 21 e a Tempio dal 22 dicembre. Questa la disponibilit\u00e0 a oggi, che potrebbe essere incrementata nelle prossime ore con eventuali anticipazioni nei diversi centri, con calendari sempre aggiornati sulla piattaforma di Poste Italiane.<\/p>\n\n\n\n<p>Intanto questa mattina in Sardegna sono arrivati i primi vaccini pediatrici anti-Covid per l\u2019avvio della campagna rivolta ai pi\u00f9 piccoli. Diversamente da quanto programmato, sono sbarcati nell\u2019Isola 6 vassoi da 6 mila dosi del vaccino a MRna Pfizer-BioNtech, per un totale di 36 mila dosi. Trentamila dosi in pi\u00f9 rispetto a quanto previsto. Attualmente ulteriori 18 mila dosi di Pfizer per i pi\u00f9 piccoli sono attese a met\u00e0 gennaio, a queste si aggiungono altre 37.440 dosi destinate alle altre fasce d\u2019et\u00e0.<\/p>\n\n\n\n<p>\u201cLa Sardegna \u00e8 pronta ad aprire anche a questa nuova fase della campagna vaccinale \u2013 afferma in una nota l\u2019assessore regionale della Sanit\u00e0, Mario Nieddu \u2013 domani partiranno le prenotazioni e sar\u00e0 prioritaria la vaccinazione dei pazienti pediatrici fragili per i quali sono gi\u00e0 previste sedute dedicate all\u2019Arnas G. Brotzu e all\u2019Aou di Sassari, che chiameranno direttamente i piccoli in cura presso i loro centri\u201d.<\/p>\n\n\n\n<p>\u201cIl nostro sistema sanitario \u00e8 pronto ad affrontare anche questa nuova fase della campagna e lo dimostrano i numeri in costante crescita nelle ultime settimane. Spingono in modo particolare le dosi \u2018booster\u2019 che in Sardegna hanno superato le 300mila somministrazioni, ma crescono anche le prime dosi. A oggi l\u201987,4% della popolazione vaccinabile dell\u2019Isola, 1.285.000 persone su una platea di 1.470.000, ha ricevuto almeno una dose. Aumenta la popolazione vaccinata e il nostro impegno per difendere l\u2019isola dalla minaccia delle varianti resta totale\u201d, conclude il presidente della Regione, Christian Solinas. Com<\/p>\n","protected":false},"excerpt":{"rendered":"<p>Cagliari, 15 Dic 2021 \u2013\u00a0Partiranno domani con un Open day, programmato a Cagliari, le vaccinazioni anti-Covid in et\u00e0 pediatrica. Le somministrazioni ai nati dal 2010&#8230;<\/p>\n","protected":false},"author":2,"featured_media":214995,"comment_status":"closed","ping_status":"open","sticky":false,"template":"","format":"standard","meta":[],"categories":[49,52],"tags":[],"_links":{"self":[{"href":"https:\/\/www.cronacaonline.it\/index.php\/wp-json\/wp\/v2\/posts\/215514"}],"collection":[{"href":"https:\/\/www.cronacaonline.it\/index.php\/wp-json\/wp\/v2\/posts"}],"about":[{"href":"https:\/\/www.cronacaonline.it\/index.php\/wp-json\/wp\/v2\/types\/post"}],"author":[{"embeddable":true,"href":"https:\/\/www.cronacaonline.it\/index.php\/wp-json\/wp\/v2\/users\/2"}],"replies":[{"embeddable":true,"href":"https:\/\/www.cronacaonline.it\/index.php\/wp-json\/wp\/v2\/comments?post=215514"}],"version-history":[{"count":1,"href":"https:\/\/www.cronacaonline.it\/index.php\/wp-json\/wp\/v2\/posts\/215514\/revisions"}],"predecessor-version":[{"id":215515,"href":"https:\/\/www.cronacaonline.it\/index.php\/wp-json\/wp\/v2\/posts\/215514\/revisions\/215515"}],"wp:featuredmedia":[{"embeddable":true,"href":"https:\/\/www.cronacaonline.it\/index.php\/wp-json\/wp\/v2\/media\/214995"}],"wp:attachment":[{"href":"https:\/\/www.cronacaonline.it\/index.php\/wp-json\/wp\/v2\/media?parent=215514"}],"wp:term":[{"taxonomy":"category","embeddable":true,"href":"https:\/\/www.cronacaonline.it\/index.php\/wp-json\/wp\/v2\/categories?post=215514"},{"taxonomy":"post_tag","embeddable":true,"href":"https:\/\/www.cronacaonline.it\/index.php\/wp-json\/wp\/v2\/tags?post=215514"}],"curies":[{"name":"wp","href":"https:\/\/api.w.org\/{rel}","templated":true}]}}