{"id":215508,"date":"2021-12-15T14:44:22","date_gmt":"2021-12-15T13:44:22","guid":{"rendered":"https:\/\/www.cronacaonline.it\/?p=215508"},"modified":"2021-12-15T14:44:24","modified_gmt":"2021-12-15T13:44:24","slug":"il-pd-della-sardegna-denuncia-solo-unazienda-sarda-su-cinque-ha-avuto-i-ristori-e-il-vice-presidente-del-consiglio-regionale-piero-comandini-chiede-una-finanziaria-per-il-ceto-dei","status":"publish","type":"post","link":"https:\/\/www.cronacaonline.it\/index.php\/2021\/12\/15\/il-pd-della-sardegna-denuncia-solo-unazienda-sarda-su-cinque-ha-avuto-i-ristori-e-il-vice-presidente-del-consiglio-regionale-piero-comandini-chiede-una-finanziaria-per-il-ceto-dei\/","title":{"rendered":"Il Pd della Sardegna denuncia: solo un\u2019azienda sarda su cinque ha avuto i ristori. E il vice presidente del Consiglio regionale Piero Comandini chiede una finanziaria per il \u201cceto dei coraggiosi\u201d."},"content":{"rendered":"\n<p>Cagliari, 15 Dic 2021 - \u201cCi vogliono due anni, se va bene, perch\u00e9 alle imprese sarde arrivino i ristori stanziati per la pandemia. I dati della Ragioneria, che proprio oggi chiude, dicono che dal 2020 a oggi soltanto il 18,8 delle piccole e medie imprese e l\u20198,8 per cento dei lavoratori autonomi ha ricevuto il ristoro. Nel migliore dei casi chi due anni fa era gi\u00e0 in difficolt\u00e0, ricever\u00e0 concretamente il denaro della Regione tra qualche mese. Mi sembra che non ci sia altro da aggiungere per certificare il livello di incapacit\u00e0 e improvvisazione della giunta sardo leghista di Solinas\u201d.<\/p>\n\n\n\n<p>Parole di Piero Comandini (Pd), che questa mattina insieme al capogruppo Gianfranco Ganau ha illustrato in Consiglio regionale i dati relativi allo stato di attuazione dei fondi Resisto e Bei.<\/p>\n\n\n\n<p>Per Ganau \u201ci quattro interventi legislativi straordinari non hanno prodotto i trionfi di cui parla la Giunta, senza considerare che le richieste arrivate sono molte di pi\u00f9 delle risorse disponibili. Mancano all\u2019appello cento milioni di euro\u201d. Il Pd ha chiesto dunque che \u201cin occasione della prossima manovra finanziaria quei denari siano messi a disposizione del ceto dei coraggiosi, come lo chiama il dem Roberto Deriu, ovvero del mondo delle partite iva, degli artigiani e dei commercianti. Cio\u00e8 della quasi totalit\u00e0 del tessuto produttivo privato della Sardegna. La vera pandemia per le imprese arriver\u00e0 nel 2022, con lo sblocco delle cartelle esattoriali\u201d.<\/p>\n\n\n\n<p>Per Comandini \u201c\u00e8 mancata con tutta chiarezza una cabina di regia e non \u00e8 accettabile che dopo tre anni di governo la colpa sia di chi ha governato prima. Ancora oggi non si sa chi abbia ricevuto risorse regionali, chi anche quelle statali e chi non ha ricevuto nulla. Persino i criteri per accedere ai ristori sono sbagliati: l\u2019unico obiettivo e invece non considerato \u00e8 il calo del fatturato rispetto al 2019\u201d.<\/p>\n\n\n\n<p>Il Pd ha segnalato anche le anomalie dei fondi Bei: \u201cCi voleva poco a capire che il click day \u00e8 un sistema sbagliato, che premia soltanto le dita pi\u00f9 veloci e le connessioni pi\u00f9 potenti. Il 5 per cento dei 3702 richiedenti sardi ha avuto accesso ai fondi Bei. E in quel 5 per cento ci sono farmacie e concessionarie di auto: cosa c\u2019entrino queste rispettabili aziende con il settore turistico, con l\u2019artigianato, con l\u2019agroalimentare, cio\u00e8 con i veri destinatari individuati dal Consiglio regionale, questo rester\u00e0 un mistero\u201d.<\/p>\n","protected":false},"excerpt":{"rendered":"<p>Cagliari, 15 Dic 2021 &#8211; \u201cCi vogliono due anni, se va bene, perch\u00e9 alle imprese sarde arrivino i ristori stanziati per la pandemia. I dati&#8230;<\/p>\n","protected":false},"author":2,"featured_media":7831,"comment_status":"closed","ping_status":"open","sticky":false,"template":"","format":"standard","meta":[],"categories":[49,52],"tags":[],"_links":{"self":[{"href":"https:\/\/www.cronacaonline.it\/index.php\/wp-json\/wp\/v2\/posts\/215508"}],"collection":[{"href":"https:\/\/www.cronacaonline.it\/index.php\/wp-json\/wp\/v2\/posts"}],"about":[{"href":"https:\/\/www.cronacaonline.it\/index.php\/wp-json\/wp\/v2\/types\/post"}],"author":[{"embeddable":true,"href":"https:\/\/www.cronacaonline.it\/index.php\/wp-json\/wp\/v2\/users\/2"}],"replies":[{"embeddable":true,"href":"https:\/\/www.cronacaonline.it\/index.php\/wp-json\/wp\/v2\/comments?post=215508"}],"version-history":[{"count":1,"href":"https:\/\/www.cronacaonline.it\/index.php\/wp-json\/wp\/v2\/posts\/215508\/revisions"}],"predecessor-version":[{"id":215509,"href":"https:\/\/www.cronacaonline.it\/index.php\/wp-json\/wp\/v2\/posts\/215508\/revisions\/215509"}],"wp:featuredmedia":[{"embeddable":true,"href":"https:\/\/www.cronacaonline.it\/index.php\/wp-json\/wp\/v2\/media\/7831"}],"wp:attachment":[{"href":"https:\/\/www.cronacaonline.it\/index.php\/wp-json\/wp\/v2\/media?parent=215508"}],"wp:term":[{"taxonomy":"category","embeddable":true,"href":"https:\/\/www.cronacaonline.it\/index.php\/wp-json\/wp\/v2\/categories?post=215508"},{"taxonomy":"post_tag","embeddable":true,"href":"https:\/\/www.cronacaonline.it\/index.php\/wp-json\/wp\/v2\/tags?post=215508"}],"curies":[{"name":"wp","href":"https:\/\/api.w.org\/{rel}","templated":true}]}}