{"id":215501,"date":"2021-12-15T14:35:11","date_gmt":"2021-12-15T13:35:11","guid":{"rendered":"https:\/\/www.cronacaonline.it\/?p=215501"},"modified":"2021-12-15T14:35:14","modified_gmt":"2021-12-15T13:35:14","slug":"air-italy-assessore-zedda-invito-pressante-della-regione-e-del-governo-a-rivedere-la-posizione","status":"publish","type":"post","link":"https:\/\/www.cronacaonline.it\/index.php\/2021\/12\/15\/air-italy-assessore-zedda-invito-pressante-della-regione-e-del-governo-a-rivedere-la-posizione\/","title":{"rendered":"Air Italy, assessore Zedda: \u201cinvito pressante della regione e del governo a rivedere la posizione\u201d."},"content":{"rendered":"\n<p>Cagliari, 15 Dic 2021 \u2013\u00a0La propriet\u00e0 di Air Italy, nel corso del tavolo interministeriale che si \u00e8 appena concluso, ha raccolto l\u2019invito delle Istituzioni a non inviare le lettere di licenziamento ai lavoratori nel periodo che rimane di copertura della cassa integrazione, ma non ha mostrato segni di distensione e collaborazione rispetto alle richieste reiterate anche dalla Regione Sardegna, rappresentata dall\u2019Assessore del Lavoro Alessandra Zedda. \u201cNon possiamo accettare che si chiuda in maniera vergognosa e indegna la storia di 1.322 lavoratori di Air Italy: la propriet\u00e0 deve comprendere che serve gestire la vertenza della pi\u00f9 grande azienda in crisi del Paese con responsabilit\u00e0, agendo a tutela dei lavoratori\u201d, ha detto l\u2019Assessore Zedda nel corso del tavolo interministeriale che ha visto la partecipazione dei sindacati Filt Cgil, Fit Cisl, Uilt, dei commissari liquidatori dell\u2019azienda e dei viceministri Alessandra Todde (Sviluppo economico) e Teresa Bellanova (Infrastrutture). \u201c\u00c8 necessario e urgente attivare ogni percorso utile e trovare gli strumenti pi\u00f9 idonei per arrivare al prolungamento degli ammortizzatori sociali a tutto il 2022 \u2013 ha continuato - Basta davvero poco dato che il Governo e le soluzioni che anche a livello normativo si stanno mettendo in campo sul fronte della revisione delle norme sugli ammortizzatori sociali potrebbero risultare addirittura vantaggiose per la propriet\u00e0\u201d.<\/p>\n\n\n\n<p>L\u2019Assessore Zedda, in collegamento video, si \u00e8 detta ancora una volta fiduciosa che si possa arrivare a una soluzione, a patto che la propriet\u00e0 cominci a collaborare: \u201cAccettiamo l\u2019invito del Governo a continuare a collaborare e parteciperemo al prossimo incontro con i Ministeri del Lavoro, delle Infrastrutture e dello Sviluppo Economico, pronti a dare, insieme alla Regione Lombardia, il nostro contributo per costruire un percorso di tutela dei lavoratori e tracciare quindi una strada diversa rispetto a quella immaginata dall\u2019azienda\u201d. L\u2019Assessore Zedda ha ricordato lo sforzo politico e amministrativo messo in campo dalla Regione per trovare soluzioni a questa vertenza che si sta definendo sempre pi\u00f9 grave: \u201cPosizioni di rigetto cos\u00ec netto non le meritiamo come Sistema Paese e ancora meno come Regione Sardegna. A fronte della disponibilit\u00e0 massima dimostrata dalla nostra Isola non ci aspettavamo comportamenti cos\u00ec negativi e gravi\u201d.<\/p>\n\n\n\n<p>Il tavolo interministeriale con la Regione Lombardia e la Regione Sardegna \u00e8 stato aggiornato ai prossimi giorni. Com<\/p>\n","protected":false},"excerpt":{"rendered":"<p>Cagliari, 15 Dic 2021 \u2013\u00a0La propriet\u00e0 di Air Italy, nel corso del tavolo interministeriale che si \u00e8 appena concluso, ha raccolto l\u2019invito delle Istituzioni a&#8230;<\/p>\n","protected":false},"author":2,"featured_media":208803,"comment_status":"closed","ping_status":"open","sticky":false,"template":"","format":"standard","meta":[],"categories":[49,52],"tags":[],"_links":{"self":[{"href":"https:\/\/www.cronacaonline.it\/index.php\/wp-json\/wp\/v2\/posts\/215501"}],"collection":[{"href":"https:\/\/www.cronacaonline.it\/index.php\/wp-json\/wp\/v2\/posts"}],"about":[{"href":"https:\/\/www.cronacaonline.it\/index.php\/wp-json\/wp\/v2\/types\/post"}],"author":[{"embeddable":true,"href":"https:\/\/www.cronacaonline.it\/index.php\/wp-json\/wp\/v2\/users\/2"}],"replies":[{"embeddable":true,"href":"https:\/\/www.cronacaonline.it\/index.php\/wp-json\/wp\/v2\/comments?post=215501"}],"version-history":[{"count":1,"href":"https:\/\/www.cronacaonline.it\/index.php\/wp-json\/wp\/v2\/posts\/215501\/revisions"}],"predecessor-version":[{"id":215502,"href":"https:\/\/www.cronacaonline.it\/index.php\/wp-json\/wp\/v2\/posts\/215501\/revisions\/215502"}],"wp:featuredmedia":[{"embeddable":true,"href":"https:\/\/www.cronacaonline.it\/index.php\/wp-json\/wp\/v2\/media\/208803"}],"wp:attachment":[{"href":"https:\/\/www.cronacaonline.it\/index.php\/wp-json\/wp\/v2\/media?parent=215501"}],"wp:term":[{"taxonomy":"category","embeddable":true,"href":"https:\/\/www.cronacaonline.it\/index.php\/wp-json\/wp\/v2\/categories?post=215501"},{"taxonomy":"post_tag","embeddable":true,"href":"https:\/\/www.cronacaonline.it\/index.php\/wp-json\/wp\/v2\/tags?post=215501"}],"curies":[{"name":"wp","href":"https:\/\/api.w.org\/{rel}","templated":true}]}}