{"id":215449,"date":"2021-12-14T18:32:52","date_gmt":"2021-12-14T17:32:52","guid":{"rendered":"https:\/\/www.cronacaonline.it\/?p=215449"},"modified":"2021-12-14T18:32:54","modified_gmt":"2021-12-14T17:32:54","slug":"zona-economica-speciale-il-presidente-solinas-giornata-storica-con-la-zes-poniamo-le-basi-per-una-forte-ripresa-delleconomia-della-sardegna","status":"publish","type":"post","link":"https:\/\/www.cronacaonline.it\/index.php\/2021\/12\/14\/zona-economica-speciale-il-presidente-solinas-giornata-storica-con-la-zes-poniamo-le-basi-per-una-forte-ripresa-delleconomia-della-sardegna\/","title":{"rendered":"Zona economica speciale, il presidente Solinas: \u201cgiornata storica, con la Zes poniamo le basi per una forte ripresa dell\u2019economia della Sardegna\u201d."},"content":{"rendered":"\n<p>Cagliari, 14 Dic 2021 \u2013\u00a0\u201cOggi \u00e8 una giornata storica. La battaglia della Sardegna per conquistare una fiscalit\u00e0 di vantaggio che copra il divario della sua insularit\u00e0 \u00e8 finalmente realt\u00e0. Possiamo programmare il rilancio dell\u2019economia sarda con uno sguardo fiducioso al futuro, assicurando al sistema produttivo sardo quella fiscalit\u00e0 agevolata attesa da decenni che pu\u00f2 essere il vero motore della ripresa economica della nostra Isola\u201d. Lo ha detto il Presidente della Regione Christian Solinas a proposito del decreto firmato dal sottosegretario alla presidenza del Consiglio dei ministri Roberto Garofoli, che istituisce per i prossimi 7 anni, prorogabili di altri 7, la Zona Economica Speciale.<\/p>\n\n\n\n<p>\u201cPortiamo a compimento un iter che ci ha visti impegnati fin dal primo momento con l\u2019obiettivo di arrivare a un piano condiviso con il Governo che fosse la risposta pi\u00f9 attenta e concreta ai bisogni della nostra Isola. L\u2019auspicio, soprattutto in questo momento storico e in questa delicata fase di ripartenza, \u00e8 che l\u2019istituzione della Zes possa portare a una svolta storica con importanti ricadute sul futuro della Sardegna\u201d, ha detto il Presidente Solinas. \u201cQuesto importante strumento -&nbsp;&nbsp;prosegue il Presidente - ci consentir\u00e0 di vivere la nostra insularit\u00e0 non pi\u00f9 come un handicap ma come una carta in pi\u00f9 da giocare per lo sviluppo, sfruttando la nostra posizione strategica al centro del Mediterraneo per attrarre investimenti che possano fare della Sardegna un polo commerciale protagonista. Abbiamo dovuto rimodulare un piano, ricostruendo un impianto forte e credibile e rispondente alle aspirazioni della Sardegna\u201d.<\/p>\n\n\n\n<p>Le Zes sono oggi oltre quattromila nel mondo e si avviano in un futuro prossimo a toccare quota cinquemila assumendo varie configurazioni, quali parchi industriali e tecnologici, zone e porti franchi, citt\u00e0 d\u2019impresa. Tali configurazioni hanno fra loro non molti aspetti in comune: essere zone fisicamente delimitate, essere gestite unitariamente, essere autorizzate a offrire incentivi specifici e procedure semplificate, a volte entro un\u2019area doganale specifica. Com<\/p>\n","protected":false},"excerpt":{"rendered":"<p>Cagliari, 14 Dic 2021 \u2013\u00a0\u201cOggi \u00e8 una giornata storica. La battaglia della Sardegna per conquistare una fiscalit\u00e0 di vantaggio che copra il divario della sua&#8230;<\/p>\n","protected":false},"author":2,"featured_media":193935,"comment_status":"closed","ping_status":"open","sticky":false,"template":"","format":"standard","meta":[],"categories":[49,52],"tags":[],"_links":{"self":[{"href":"https:\/\/www.cronacaonline.it\/index.php\/wp-json\/wp\/v2\/posts\/215449"}],"collection":[{"href":"https:\/\/www.cronacaonline.it\/index.php\/wp-json\/wp\/v2\/posts"}],"about":[{"href":"https:\/\/www.cronacaonline.it\/index.php\/wp-json\/wp\/v2\/types\/post"}],"author":[{"embeddable":true,"href":"https:\/\/www.cronacaonline.it\/index.php\/wp-json\/wp\/v2\/users\/2"}],"replies":[{"embeddable":true,"href":"https:\/\/www.cronacaonline.it\/index.php\/wp-json\/wp\/v2\/comments?post=215449"}],"version-history":[{"count":1,"href":"https:\/\/www.cronacaonline.it\/index.php\/wp-json\/wp\/v2\/posts\/215449\/revisions"}],"predecessor-version":[{"id":215450,"href":"https:\/\/www.cronacaonline.it\/index.php\/wp-json\/wp\/v2\/posts\/215449\/revisions\/215450"}],"wp:featuredmedia":[{"embeddable":true,"href":"https:\/\/www.cronacaonline.it\/index.php\/wp-json\/wp\/v2\/media\/193935"}],"wp:attachment":[{"href":"https:\/\/www.cronacaonline.it\/index.php\/wp-json\/wp\/v2\/media?parent=215449"}],"wp:term":[{"taxonomy":"category","embeddable":true,"href":"https:\/\/www.cronacaonline.it\/index.php\/wp-json\/wp\/v2\/categories?post=215449"},{"taxonomy":"post_tag","embeddable":true,"href":"https:\/\/www.cronacaonline.it\/index.php\/wp-json\/wp\/v2\/tags?post=215449"}],"curies":[{"name":"wp","href":"https:\/\/api.w.org\/{rel}","templated":true}]}}