{"id":215436,"date":"2021-12-14T16:21:41","date_gmt":"2021-12-14T15:21:41","guid":{"rendered":"https:\/\/www.cronacaonline.it\/?p=215436"},"modified":"2021-12-14T16:21:43","modified_gmt":"2021-12-14T15:21:43","slug":"programma-mi-prendo-cura-10-milioni-di-euro-a-sostegno-dei-piu-fragili-lassessore-nieddu-conferma-del-nostro-impegno-a-favore-delle-persone-con-disabilita-grave","status":"publish","type":"post","link":"https:\/\/www.cronacaonline.it\/index.php\/2021\/12\/14\/programma-mi-prendo-cura-10-milioni-di-euro-a-sostegno-dei-piu-fragili-lassessore-nieddu-conferma-del-nostro-impegno-a-favore-delle-persone-con-disabilita-grave\/","title":{"rendered":"Programma \u2018mi prendo cura\u2019, 10 milioni di euro a sostegno dei pi\u00f9 fragili. L\u2019assessore Nieddu: \u201cconferma del nostro impegno a favore delle persone con disabilit\u00e0 grave\u201d."},"content":{"rendered":"\n<p>Cagliari, 14 Dic 2021 \u2013\u00a0La Giunta della Regione Sardegna, su proposta dell\u2019assessore regionale dell\u2019Igiene e Sanit\u00e0 e dell\u2019Assistenza sociale, Mario Nieddu, ha approvato le linee di indirizzo per l\u2019attuazione del programma \u2018Mi prendo cura\u2019, la nuova misura complementare a \u2018Ritornare a casa plus\u2019 che introduce una serie di ulteriori aiuti economici rivolti alle persone che hanno i requisiti per l'accesso al programma regionale per la disabilit\u00e0 gravissima.<\/p>\n\n\n\n<p>\u2018Mi prendo cura\u2019 nasce con la legge regionale 17 approvata il 22 novembre che ha anche destinato alla misura una dotazione finanziaria di 10 milioni di euro l\u2019anno per il triennio 2021-2023.<\/p>\n\n\n\n<p>\u201cRitornare a casa plus prevede un imponente intervento socio-sanitario. I beneficiari sono inseriti in un programma di cure domiciliari di terzo livello e possono usufruire dell\u2019assistenza di professionisti qualificati e caregiver familiari\u201d, spiega l\u2019assessore Nieddu. \u201cIl nuovo programma \u2018Mi prendo cura\u2019 \u2013 prosegue l\u2019esponente della Giunta \u2013 risponde a una serie di bisogni sui quali non intervengono altre misure, dando cos\u00ec un ulteriore importante supporto a coloro che hanno i requisiti all'accesso al programma per le disabilit\u00e0 gravissime e alle loro famiglie. Parliamo di un aiuto economico per le forniture di medicinali, ausili e protesi, non coperti dal sistema sanitario ma anche per il sostegno di costi per la fornitura elettrica e il riscaldamento che non trovano risposta negli attuali percorsi di presa in carico\u201d.<\/p>\n\n\n\n<p>Con il provvedimento approvato, la Giunta regionale ha disposto l\u2019assegnazione delle risorse ai Comuni, con una ripartizione del 30% uguale per tutti e del restante 70% in base alla popolazione. Le amministrazioni civiche gestiranno gli stanziamenti direttamente e in autonomia per assicurare un supporto tempestivo con un apporto economico, che non dovr\u00e0 essere superiore ai 2 mila euro.<\/p>\n\n\n\n<p>\u201cIl programma \u2018Mi prendo cura\u2019 \u00e8 un\u2019ulteriore conferma del nostro impegno per le persone con disabilit\u00e0 e in particolare con disabilit\u00e0 grave. Un sostegno concreto per i pi\u00f9 fragili e le loro famiglie in un momento particolarmente delicato in cui i bisogni sociali e socio sanitari sono cresciuti a causa della pandemia\u201d, conclude l\u2019assessore Nieddu. Com<\/p>\n","protected":false},"excerpt":{"rendered":"<p>Cagliari, 14 Dic 2021 \u2013\u00a0La Giunta della Regione Sardegna, su proposta dell\u2019assessore regionale dell\u2019Igiene e Sanit\u00e0 e dell\u2019Assistenza sociale, Mario Nieddu, ha approvato le linee&#8230;<\/p>\n","protected":false},"author":2,"featured_media":214566,"comment_status":"closed","ping_status":"open","sticky":false,"template":"","format":"standard","meta":[],"categories":[49,52],"tags":[],"_links":{"self":[{"href":"https:\/\/www.cronacaonline.it\/index.php\/wp-json\/wp\/v2\/posts\/215436"}],"collection":[{"href":"https:\/\/www.cronacaonline.it\/index.php\/wp-json\/wp\/v2\/posts"}],"about":[{"href":"https:\/\/www.cronacaonline.it\/index.php\/wp-json\/wp\/v2\/types\/post"}],"author":[{"embeddable":true,"href":"https:\/\/www.cronacaonline.it\/index.php\/wp-json\/wp\/v2\/users\/2"}],"replies":[{"embeddable":true,"href":"https:\/\/www.cronacaonline.it\/index.php\/wp-json\/wp\/v2\/comments?post=215436"}],"version-history":[{"count":1,"href":"https:\/\/www.cronacaonline.it\/index.php\/wp-json\/wp\/v2\/posts\/215436\/revisions"}],"predecessor-version":[{"id":215437,"href":"https:\/\/www.cronacaonline.it\/index.php\/wp-json\/wp\/v2\/posts\/215436\/revisions\/215437"}],"wp:featuredmedia":[{"embeddable":true,"href":"https:\/\/www.cronacaonline.it\/index.php\/wp-json\/wp\/v2\/media\/214566"}],"wp:attachment":[{"href":"https:\/\/www.cronacaonline.it\/index.php\/wp-json\/wp\/v2\/media?parent=215436"}],"wp:term":[{"taxonomy":"category","embeddable":true,"href":"https:\/\/www.cronacaonline.it\/index.php\/wp-json\/wp\/v2\/categories?post=215436"},{"taxonomy":"post_tag","embeddable":true,"href":"https:\/\/www.cronacaonline.it\/index.php\/wp-json\/wp\/v2\/tags?post=215436"}],"curies":[{"name":"wp","href":"https:\/\/api.w.org\/{rel}","templated":true}]}}