{"id":215434,"date":"2021-12-14T15:46:53","date_gmt":"2021-12-14T14:46:53","guid":{"rendered":"https:\/\/www.cronacaonline.it\/?p=215434"},"modified":"2021-12-14T15:46:55","modified_gmt":"2021-12-14T14:46:55","slug":"commissione-sanita-approvate-allunanimita-due-risoluzioni-mantenimento-della-fisica-sanitaria-nei-centri-regionali-e-dissenso-verso-il-vertice-areus-assente-dalla-seduta","status":"publish","type":"post","link":"https:\/\/www.cronacaonline.it\/index.php\/2021\/12\/14\/commissione-sanita-approvate-allunanimita-due-risoluzioni-mantenimento-della-fisica-sanitaria-nei-centri-regionali-e-dissenso-verso-il-vertice-areus-assente-dalla-seduta\/","title":{"rendered":"Commissione Sanit\u00e0: approvate all\u2019unanimit\u00e0 due risoluzioni, mantenimento della fisica sanitaria nei centri regionali e dissenso verso il vertice Areus, assente dalla seduta."},"content":{"rendered":"\n<p>Cagliari, 14 Dic 2021 \u2013 La commissione Sanit\u00e0, presieduta da Antonio Mario Mundula (Fdi) ha approvato all\u2019unanimit\u00e0 due risoluzioni. La prima, per il mantenimento dei servizi di fisica sanitaria nei centri regionali di Cagliari e Sassari e la seconda, di dissenso nei confronti del vertice di Areus, per non aver partecipato alla seduta nella quale si dovevano discutere le problematiche dell\u2019elisoccorso<\/p>\n\n\n\n<p>Per quanto riguarda il primo punto all\u2019ordine del giorno, la commissione ha ascoltato i responsabili dell\u2019Associazione italiana fisica medica (Aifm) e l\u2019Ats nell\u2019ambito della riorganizzazione dei servizi di fisica medica ed ingegneria biomedica prevista dalla recente riforma del servizio sanitario regionale.<\/p>\n\n\n\n<p>Il coordinatore regionale dell\u2019Aifm Piergiorgio Marini si \u00e8 detto contrario al modello organizzativo previsto dalla riforma perch\u00e9, ha spiegato, la figura del fisico sanitario fa parte a tutti gli effetti delle professioni sanitarie e non pu\u00f2 essere collocata all\u2019interno della nuova azienda Ares come un servizio \u201ctecnico\u201d.<\/p>\n\n\n\n<p>Inoltre, ha osservato Simone Corelli, fisico sanitario del Brotzu di Cagliari, il lavoro che svolgiamo nelle aziende sanitarie \u00e8 parte integrante, dalla diagnostica alla terapia (dagli accertamenti strumentali alla somministrazione di farmaci) dei trattamenti ai quali vengono sottoposti i pazienti, frutto di protocolli condivisi che tengono in considerazione la correttezza delle procedure ma soprattutto l\u2019obiettivo di minimizzare, per quanto possibile, l\u2019impatto sull\u2019organismo dei malati.<\/p>\n\n\n\n<p>In definitiva, ha concluso il vice presidente nazionale dell\u2019Associazione Daniele Aragno, siamo specialisti che vivono e lavorano con i medici dando un valore aggiunto alla prestazione sanitaria.<\/p>\n\n\n\n<p>Di diverso avviso il dr, Matteo Tamponi, dirigente dell\u2019Ats e anch\u2019egli specialista in fisica sanitaria, secondo il quale la riforma recentemente approvata dal Consiglio regionale non intacca l\u2019autonomia delle aziende ma introduce una sorta di \u201ccabina di regia\u201d regionale che, accanto ai servizi tecnici, si occupa di nuove tecnologie (intelligenza artificiale, telemedicina, big data), alta formazione, verifica dell\u2019uniformit\u00e0 delle prestazioni sul territorio, e consulenza in materia di investimenti in risorse umane e tecnologiche.<\/p>\n\n\n\n<p>Nel dibattito hanno preso la parola diversi consiglieri regionali, Antonello Peru e Giorgio Oppi di Udc-Cambiamo, Gianfranco Ganau del Pd, Daniele Cocco di Leu, Francesco Agus dei Progressisti, Giuseppe Talanas di Forza Italia, Carla Cuccu del Misto e Domenico Gallus del Psd\u2019Az. Com<\/p>\n","protected":false},"excerpt":{"rendered":"<p>Cagliari, 14 Dic 2021 \u2013 La commissione Sanit\u00e0, presieduta da Antonio Mario Mundula (Fdi) ha approvato all\u2019unanimit\u00e0 due risoluzioni. La prima, per il mantenimento dei&#8230;<\/p>\n","protected":false},"author":2,"featured_media":211561,"comment_status":"closed","ping_status":"open","sticky":false,"template":"","format":"standard","meta":[],"categories":[49,52],"tags":[],"_links":{"self":[{"href":"https:\/\/www.cronacaonline.it\/index.php\/wp-json\/wp\/v2\/posts\/215434"}],"collection":[{"href":"https:\/\/www.cronacaonline.it\/index.php\/wp-json\/wp\/v2\/posts"}],"about":[{"href":"https:\/\/www.cronacaonline.it\/index.php\/wp-json\/wp\/v2\/types\/post"}],"author":[{"embeddable":true,"href":"https:\/\/www.cronacaonline.it\/index.php\/wp-json\/wp\/v2\/users\/2"}],"replies":[{"embeddable":true,"href":"https:\/\/www.cronacaonline.it\/index.php\/wp-json\/wp\/v2\/comments?post=215434"}],"version-history":[{"count":1,"href":"https:\/\/www.cronacaonline.it\/index.php\/wp-json\/wp\/v2\/posts\/215434\/revisions"}],"predecessor-version":[{"id":215435,"href":"https:\/\/www.cronacaonline.it\/index.php\/wp-json\/wp\/v2\/posts\/215434\/revisions\/215435"}],"wp:featuredmedia":[{"embeddable":true,"href":"https:\/\/www.cronacaonline.it\/index.php\/wp-json\/wp\/v2\/media\/211561"}],"wp:attachment":[{"href":"https:\/\/www.cronacaonline.it\/index.php\/wp-json\/wp\/v2\/media?parent=215434"}],"wp:term":[{"taxonomy":"category","embeddable":true,"href":"https:\/\/www.cronacaonline.it\/index.php\/wp-json\/wp\/v2\/categories?post=215434"},{"taxonomy":"post_tag","embeddable":true,"href":"https:\/\/www.cronacaonline.it\/index.php\/wp-json\/wp\/v2\/tags?post=215434"}],"curies":[{"name":"wp","href":"https:\/\/api.w.org\/{rel}","templated":true}]}}