{"id":215430,"date":"2021-12-14T15:15:37","date_gmt":"2021-12-14T14:15:37","guid":{"rendered":"https:\/\/www.cronacaonline.it\/?p=215430"},"modified":"2021-12-14T15:15:39","modified_gmt":"2021-12-14T14:15:39","slug":"vaccinazioni-anti-covid-assessore-nieddu-dal-16-dicembre-in-sardegna-al-via-la-campagna-per-i-piu-piccoli","status":"publish","type":"post","link":"https:\/\/www.cronacaonline.it\/index.php\/2021\/12\/14\/vaccinazioni-anti-covid-assessore-nieddu-dal-16-dicembre-in-sardegna-al-via-la-campagna-per-i-piu-piccoli\/","title":{"rendered":"Vaccinazioni anti-Covid, Assessore Nieddu: dal 16 dicembre in Sardegna al via la campagna per i pi\u00f9 piccoli."},"content":{"rendered":"\n<p>Cagliari, 14 Dic 2021\u00a0- Al via in Sardegna la campagna di vaccinazione anti-Covid per i pi\u00f9 piccoli. A partire da gioved\u00ec 16 dicembre, alle ore 12, la piattaforma di Poste Italiane sar\u00e0 aperta alle prenotazioni per tutti i nati dal 2010 al 2016, limitatamente a chi ha gi\u00e0 compiuto cinque anni. Da gennaio le prenotazioni saranno possibili anche per i nati nel 2017, sempre a condizione che abbiano gi\u00e0 compiuto cinque anni.<\/p>\n\n\n\n<p>In occasione dell\u2019apertura di questa nuova fase della campagna i punti vaccinali dell\u2019Aou di Sassari e dell\u2019Arnas G. Brotzu di Cagliari avvieranno sessioni dedicate alla vaccinazione dei piccoli pazienti in cura presso le due aziende e che saranno contattati direttamente dai centri che li hanno in cura.<\/p>\n\n\n\n<p>Per tutti gli altri le modalit\u00e0 di prenotazione sono quelle gi\u00e0 collaudate attraverso il portale online all\u2019indirizzo<a href=\"http:\/\/prenotazioni.vaccinicovid.gov.it\/\" target=\"_blank\" rel=\"noreferrer noopener\">&nbsp;prenotazioni.vaccinicovid.gov.it<\/a>, presso gli Atm degli uffici postali, tramite il numero verde 800 00 99 66 (attivo tutti i giorni dalle 8 alle 20) e tramite i portalettere di Poste Italiane.<\/p>\n\n\n\n<p>\u201cInauguriamo questa nuova fase \u2013 dichiara in una nota l\u2019assessore regionale della Sanit\u00e0, Mario Nieddu \u2013 con un\u2019attenzione particolare ai piccoli pazienti pediatrici, pi\u00f9 fragili e a rischio in caso di contagio. Inoltre la diffusione dei contagi nelle scuole e la minaccia delle varianti rende questa fase della campagna particolarmente importante. Il virus non \u00e8 ancora sconfitto e serve ancora il massimo impegno da parte di tutti, giovani e adulti, non solo per la vaccinazione, ma anche per il rispetto delle misure di igiene anti-contagio, come l\u2019uso della mascherina dove necessario, il distanziamento e il lavaggio delle mani, buone prassi ancora in grado di fare la differenza\u201d.<\/p>\n\n\n\n<p>\u201cCon la protezione dei pi\u00f9 piccoli \u2013 aggiunge il presidente della Regione, Christian Solinas \u2013 diamo il via a una nuova fase di una campagna vaccinale che nell\u2019Isola ha gi\u00e0 raggiunto risultati significativi. La comunit\u00e0 scientifica ha evidenziato l\u2019importanza di estendere il vaccino alla popolazione in et\u00e0 pediatrica e Il nostro sistema sanitario e pronto a questa nuova sfida che mantiene fermi gli obiettivi di difendere la salute dei sardi dalla minaccia del virus\u201d.Com<\/p>\n","protected":false},"excerpt":{"rendered":"<p>Cagliari, 14 Dic 2021\u00a0&#8211; Al via in Sardegna la campagna di vaccinazione anti-Covid per i pi\u00f9 piccoli. A partire da gioved\u00ec 16 dicembre, alle ore&#8230;<\/p>\n","protected":false},"author":2,"featured_media":209129,"comment_status":"closed","ping_status":"open","sticky":false,"template":"","format":"standard","meta":[],"categories":[49,52],"tags":[],"_links":{"self":[{"href":"https:\/\/www.cronacaonline.it\/index.php\/wp-json\/wp\/v2\/posts\/215430"}],"collection":[{"href":"https:\/\/www.cronacaonline.it\/index.php\/wp-json\/wp\/v2\/posts"}],"about":[{"href":"https:\/\/www.cronacaonline.it\/index.php\/wp-json\/wp\/v2\/types\/post"}],"author":[{"embeddable":true,"href":"https:\/\/www.cronacaonline.it\/index.php\/wp-json\/wp\/v2\/users\/2"}],"replies":[{"embeddable":true,"href":"https:\/\/www.cronacaonline.it\/index.php\/wp-json\/wp\/v2\/comments?post=215430"}],"version-history":[{"count":1,"href":"https:\/\/www.cronacaonline.it\/index.php\/wp-json\/wp\/v2\/posts\/215430\/revisions"}],"predecessor-version":[{"id":215431,"href":"https:\/\/www.cronacaonline.it\/index.php\/wp-json\/wp\/v2\/posts\/215430\/revisions\/215431"}],"wp:featuredmedia":[{"embeddable":true,"href":"https:\/\/www.cronacaonline.it\/index.php\/wp-json\/wp\/v2\/media\/209129"}],"wp:attachment":[{"href":"https:\/\/www.cronacaonline.it\/index.php\/wp-json\/wp\/v2\/media?parent=215430"}],"wp:term":[{"taxonomy":"category","embeddable":true,"href":"https:\/\/www.cronacaonline.it\/index.php\/wp-json\/wp\/v2\/categories?post=215430"},{"taxonomy":"post_tag","embeddable":true,"href":"https:\/\/www.cronacaonline.it\/index.php\/wp-json\/wp\/v2\/tags?post=215430"}],"curies":[{"name":"wp","href":"https:\/\/api.w.org\/{rel}","templated":true}]}}