{"id":215428,"date":"2021-12-14T15:11:46","date_gmt":"2021-12-14T14:11:46","guid":{"rendered":"https:\/\/www.cronacaonline.it\/?p=215428"},"modified":"2021-12-14T15:11:48","modified_gmt":"2021-12-14T14:11:48","slug":"pip-presidente-solinas-e-assessore-pili-24-milioni-di-euro-per-ridare-competitivita-al-sistema-produttivo-e-rilanciare-occupazione","status":"publish","type":"post","link":"https:\/\/www.cronacaonline.it\/index.php\/2021\/12\/14\/pip-presidente-solinas-e-assessore-pili-24-milioni-di-euro-per-ridare-competitivita-al-sistema-produttivo-e-rilanciare-occupazione\/","title":{"rendered":"Pip, presidente Solinas e Assessore Pili: &#8217;24 milioni di euro per ridare competitivit\u00e0 al sistema produttivo e rilanciare occupazione&#8217;."},"content":{"rendered":"\n<p>Cagliari, 14 Dic 2021\u00a0\u2013 Ai 12 milioni di euro gi\u00e0 stanziati per il triennio 2020-2022 (2 milioni per il 2020 e 5 milioni per ciascuno degli anni 2021 e 2022) a favore dei Comuni per l\u2019insediamento di attivit\u00e0 produttive nelle aree destinate ai Piani per gli insediamenti produttivi (Pip), sono state aggiunte ulteriori risorse per 12 milioni 600mila euro: 1,8 milioni di euro sia per il 2021 che per il 2002, 9 milioni per il 2023.<\/p>\n\n\n\n<p>\u201cRisorse dal grande valore strategico perch\u00e9 consentono di soddisfare il fabbisogno di infrastrutture indispensabili per l'insediamento di piccole imprese che gravitano nelle realt\u00e0 urbane e destinate in modo mirato verso alcune aree in difficolt\u00e0, cos\u00ec da ridare competitivit\u00e0 al sistema produttivo e rilanciare l\u2019occupazione\u201d, ha evidenziato il presidente della Regione, Christian Solinas.<\/p>\n\n\n\n<p>\u201cSi tratta di bandi, che dopo dodici anni di assenza hanno catalizzato un grande interesse da parte degli Enti locali, con risorse che favoriscono l\u2019insediamento di attivit\u00e0 produttive di carattere artigianale e industriale nelle aree Pip \u2013 ha sottolineato l'assessore regionale dell'Industria, Anita Pili \u2013 Vogliamo potenziare e riqualificare l'offerta regionale di aree attrezzate per la localizzazione di insediamenti produttivi, migliorandone il grado di attrattivit\u00e0 e qualificandone il contesto ambientale operativo\u201d.&nbsp;Com<\/p>\n","protected":false},"excerpt":{"rendered":"<p>Cagliari, 14 Dic 2021\u00a0\u2013 Ai 12 milioni di euro gi\u00e0 stanziati per il triennio 2020-2022 (2 milioni per il 2020 e 5 milioni per ciascuno&#8230;<\/p>\n","protected":false},"author":2,"featured_media":208529,"comment_status":"closed","ping_status":"open","sticky":false,"template":"","format":"standard","meta":[],"categories":[49,52],"tags":[],"_links":{"self":[{"href":"https:\/\/www.cronacaonline.it\/index.php\/wp-json\/wp\/v2\/posts\/215428"}],"collection":[{"href":"https:\/\/www.cronacaonline.it\/index.php\/wp-json\/wp\/v2\/posts"}],"about":[{"href":"https:\/\/www.cronacaonline.it\/index.php\/wp-json\/wp\/v2\/types\/post"}],"author":[{"embeddable":true,"href":"https:\/\/www.cronacaonline.it\/index.php\/wp-json\/wp\/v2\/users\/2"}],"replies":[{"embeddable":true,"href":"https:\/\/www.cronacaonline.it\/index.php\/wp-json\/wp\/v2\/comments?post=215428"}],"version-history":[{"count":1,"href":"https:\/\/www.cronacaonline.it\/index.php\/wp-json\/wp\/v2\/posts\/215428\/revisions"}],"predecessor-version":[{"id":215429,"href":"https:\/\/www.cronacaonline.it\/index.php\/wp-json\/wp\/v2\/posts\/215428\/revisions\/215429"}],"wp:featuredmedia":[{"embeddable":true,"href":"https:\/\/www.cronacaonline.it\/index.php\/wp-json\/wp\/v2\/media\/208529"}],"wp:attachment":[{"href":"https:\/\/www.cronacaonline.it\/index.php\/wp-json\/wp\/v2\/media?parent=215428"}],"wp:term":[{"taxonomy":"category","embeddable":true,"href":"https:\/\/www.cronacaonline.it\/index.php\/wp-json\/wp\/v2\/categories?post=215428"},{"taxonomy":"post_tag","embeddable":true,"href":"https:\/\/www.cronacaonline.it\/index.php\/wp-json\/wp\/v2\/tags?post=215428"}],"curies":[{"name":"wp","href":"https:\/\/api.w.org\/{rel}","templated":true}]}}