{"id":215418,"date":"2021-12-14T11:49:39","date_gmt":"2021-12-14T10:49:39","guid":{"rendered":"https:\/\/www.cronacaonline.it\/?p=215418"},"modified":"2021-12-14T11:49:42","modified_gmt":"2021-12-14T10:49:42","slug":"programmazione-territoriale-lassessore-fasolino-incontra-i-sindaci-dellunione-dei-comuni-del-basso-campidano-e-di-monte-idda-e-fanaris","status":"publish","type":"post","link":"https:\/\/www.cronacaonline.it\/index.php\/2021\/12\/14\/programmazione-territoriale-lassessore-fasolino-incontra-i-sindaci-dellunione-dei-comuni-del-basso-campidano-e-di-monte-idda-e-fanaris\/","title":{"rendered":"Programmazione territoriale, l\u2019assessore Fasolino incontra i sindaci dell\u2019unione dei comuni del basso campidano e di monte Idda e Fanaris."},"content":{"rendered":"\n<p>Cagliari, 14 Dic 2021 \u2013\u00a0Si sono svolti ieri due incontri che hanno visto la partecipazione dell\u2019Assessore della Programmazione e Bilancio, Giuseppe Fasolino, a cui sono stati consegnati due progetti di sviluppo del territorio. L\u2019esponente della Giunta Sarda ha incontrato i sindaci dell\u2019Unione dei Comuni del Basso Campidano (Villasor, Nuraminis, Monastir, San Sperate, Samatzai e Ussana), che conta su una popolazione complessiva di circa 30mila abitanti, e quelli compresi nell\u2019Unione dei Comuni Monte Idda e Fanaris (Vallermosa, Siliqua, Villaspeciosa e Decimoputzu), che conta su una popolazione complessiva di circa 12mila abitanti, territori rimasti indietro nella programmazione a causa dei rallentamenti legati al Covid e per questo bisognosi di\u00a0\u00a0attenzione. La Giunta regionale \u00e8 infatti impegnata a sostenere il rilancio dei territori attraverso l\u2019appoggio concreto ai progetti e agli interventi mirati che concorrono a rafforzarne le specificit\u00e0, per renderli pi\u00f9 attrattivi dal punto di vista sociale, economico e ambientale e favorire la diversificazione economica. Gli incontri di ieri, a cui ne seguiranno altri, fanno infatti capo al percorso di co-progettazione che punta all\u2019individuazione di un progetto di sviluppo per il territorio. Nello specifico, per i Comuni oggetto dell\u2019incontro, \u00e8 previsto uno stanziamento che supera complessivamente i 16 milioni di euro.<\/p>\n\n\n\n<p>\u201cAbbiamo territori con un potenziale di crescita importante che meritano di essere sostenuti con tutte quelle azioni capaci di arrestare l\u2019esodo giovanile e lo spopolamento. Oggi sia apre uno scenario nuovo che ci consentir\u00e0 di impegnare ingenti risorse - spiega l\u2019Assessore del Bilancio Giuseppe Fasolino - L\u2019obiettivo della Regione \u00e8 di tracciare una programmazione congiunta che superi le criticit\u00e0 e apra un percorso di idee in grado di rilanciare le politiche di sviluppo locale. Solo attraverso l\u2019ascolto delle esigenze delle Comunit\u00e0 e imprimendo un\u2019accelerazione ai tempi di realizzo degli interventi possiamo garantire il rilancio dei territori\u201d, ha concluso l\u2019esponente della Giunta della Sardegna.<\/p>\n\n\n\n<p>Di notevole importanza \u00e8, in questo senso, anche la misura prevista dalla Finanziaria approvata qualche giorno fa, che istituisce il Fondo progettazioni: 40 milioni per anticipare le spese di progettazione degli Enti locali, utili per far ripartire gli investimenti e creare sviluppo e occupazione. Considerata strategica per lo sviluppo dei territori sar\u00e0 anche la Cabina di regia per la programmazione unitaria delle politiche di sviluppo coordinata dal Presidente e composta dagli Assessori direttamente competenti dei programmi cofinanziati con risorse europee e dall'Assessore dell\u2019Ambiente responsabile della strategia di sviluppo sostenibile, oltre ai rappresentanti del sistema degli Enti locali e del partenariato economico e sociale. La cabina di regia dovr\u00e0 coordinare tutti i processi della Programmazione Unitaria, proporre le priorit\u00e0 nell'azione amministrativa per assicurare la selettivit\u00e0 e la concentrazione degli interventi. Com<\/p>\n","protected":false},"excerpt":{"rendered":"<p>Cagliari, 14 Dic 2021 \u2013\u00a0Si sono svolti ieri due incontri che hanno visto la partecipazione dell\u2019Assessore della Programmazione e Bilancio, Giuseppe Fasolino, a cui sono&#8230;<\/p>\n","protected":false},"author":2,"featured_media":215420,"comment_status":"closed","ping_status":"open","sticky":false,"template":"","format":"standard","meta":[],"categories":[49,52],"tags":[],"_links":{"self":[{"href":"https:\/\/www.cronacaonline.it\/index.php\/wp-json\/wp\/v2\/posts\/215418"}],"collection":[{"href":"https:\/\/www.cronacaonline.it\/index.php\/wp-json\/wp\/v2\/posts"}],"about":[{"href":"https:\/\/www.cronacaonline.it\/index.php\/wp-json\/wp\/v2\/types\/post"}],"author":[{"embeddable":true,"href":"https:\/\/www.cronacaonline.it\/index.php\/wp-json\/wp\/v2\/users\/2"}],"replies":[{"embeddable":true,"href":"https:\/\/www.cronacaonline.it\/index.php\/wp-json\/wp\/v2\/comments?post=215418"}],"version-history":[{"count":1,"href":"https:\/\/www.cronacaonline.it\/index.php\/wp-json\/wp\/v2\/posts\/215418\/revisions"}],"predecessor-version":[{"id":215421,"href":"https:\/\/www.cronacaonline.it\/index.php\/wp-json\/wp\/v2\/posts\/215418\/revisions\/215421"}],"wp:featuredmedia":[{"embeddable":true,"href":"https:\/\/www.cronacaonline.it\/index.php\/wp-json\/wp\/v2\/media\/215420"}],"wp:attachment":[{"href":"https:\/\/www.cronacaonline.it\/index.php\/wp-json\/wp\/v2\/media?parent=215418"}],"wp:term":[{"taxonomy":"category","embeddable":true,"href":"https:\/\/www.cronacaonline.it\/index.php\/wp-json\/wp\/v2\/categories?post=215418"},{"taxonomy":"post_tag","embeddable":true,"href":"https:\/\/www.cronacaonline.it\/index.php\/wp-json\/wp\/v2\/tags?post=215418"}],"curies":[{"name":"wp","href":"https:\/\/api.w.org\/{rel}","templated":true}]}}