{"id":215403,"date":"2021-12-13T18:46:52","date_gmt":"2021-12-13T17:46:52","guid":{"rendered":"https:\/\/www.cronacaonline.it\/?p=215403"},"modified":"2021-12-13T18:46:54","modified_gmt":"2021-12-13T17:46:54","slug":"consiglio-sardegna-insularita-audizione-in-commissione-dei-parlamentari-sardi","status":"publish","type":"post","link":"https:\/\/www.cronacaonline.it\/index.php\/2021\/12\/13\/consiglio-sardegna-insularita-audizione-in-commissione-dei-parlamentari-sardi\/","title":{"rendered":"Consiglio Sardegna &#8211; Insularit\u00e0, audizione in Commissione dei parlamentari sardi."},"content":{"rendered":"\n<p>Cagliari, 13 Dic 2021\u00a0- Tenere alta l\u2019attenzione sul percorso della proposta di legge costituzionale per il reinserimento del principio di insularit\u00e0 in Costituzione, sempre pi\u00f9 vicina all\u2019approvazione, e creare un gruppo di lavoro composto dalla Commissione insularit\u00e0 del Consiglio regionale, dai parlamentari sardi, dal Comitato per l\u2019insularit\u00e0 in Costituzione e dalle amministrazioni locali, che dovr\u00e0 lavorare per declinare le azioni da portare avanti e dare gambe alle iniziative necessarie per superare il gap dovuto all\u2019insularit\u00e0. Sono alcuni dei punti emersi oggi, nel corso della riunione della Commissione speciale per il riconoscimento del principio di insularit\u00e0 in Costituzione, presieduta da Michele Cossa (Riformatori sardi), a cui hanno partecipato la vice Ministra dello Sviluppo economico, Alessandra\u00a0Todde, i deputati e i senatori sardi. La vice Ministra ha sottolineato l\u2019importanza dell\u2019approvazione della legge, che lei ha sostenuto convintamente, e ha anche annunciato di aver parlato con il presidente della Commissione Bilancio che le ha assicurato che non dovrebbero esserci problemi per l\u2019approvazione della proposta di legge. Todde ha per\u00f2 esortato i deputati sardi a vigilare affinch\u00e9 non ci siano problemi che rimandino o blocchino l\u2019iter del testo e ha auspicato celerit\u00e0, una volta approvata la proposta di legge, nella predisposizione dei progetti da attuare per lo sviluppo futuro della Sardegna. Posizione condivisa dal presidente Cossa e da tutti i parlamentari e commissari presenti.<\/p>\n\n\n\n<p>Nell\u2019aula del Consiglio regionale, che ha ospitato la seduta, i deputati e i senatori, ma anche i commissari hanno evidenziato l\u2019importanza del lavoro svolto tutti insieme, sotto la guida del presidente Cossa, senza colori politici, ma con l\u2019unico obiettivo di migliorare la qualit\u00e0 di vita dei sardi e creare i presupposti per lo sviluppo economico e sociale della Sardegna, tenendo conto che il deficit di Pil \u2013 ha ricordato Cossa - dovuto alla condizione insulare \u00e8 stato quantificato dall\u2019Istituto Bruno Leoni in 5.700 euro pro capite l\u2019anno.<\/p>\n\n\n\n<p>L\u2019approvazione del testo di legge in Senato e l\u2019assegnazione alla Commissione Affari costituzionali della Camera in tempi brevissimi ha dimostrato che uniti si raggiungono i risultati: i deputati, i senatori e i commissari hanno auspicato che diventi il nuovo modo di lavorare della politica sarda, con un confronto continuo dei parlamentari eletti nell\u2019Isola con la Regione per portare avanti azioni coordinate a vantaggio della Sardegna e dei sardi, e utilizzando al meglio anche gli strumenti che gi\u00e0 sono disponibili.<\/p>\n\n\n\n<p>I principali problemi da affrontare, ha sottolineato Cossa, sono la continuit\u00e0 territoriale, le infrastrutture, l\u2019energia e la connessione con banda ultralarga. Temi condivisi da tutti, cos\u00ec come la fiscalit\u00e0 di vantaggio. Si \u00e8 parlato anche dell\u2019iter per il riconoscimento di forme di autonomia differenziata richieste da alcune regioni a statuto ordinario. Michele Cossa ha sottolineato la legittimit\u00e0 della richiesta, che deve per\u00f2 essere affiancata dalla garanzia dei livelli essenziali di prestazioni e servizi a tutte le regioni. Tra gli altri temi affrontati dal parlamentino anche la necessit\u00e0 di un dialogo con la Commissione europea, affinch\u00e9 la Sardegna, per la sua condizione insulare, possa ottenere una deroga alle limitazione previste per gli aiuti di Stato.<\/p>\n\n\n\n<p>I parlamentari hanno elogiato l\u2019importante lavoro svolto dal presidente Cossa, che \u00e8 riuscito a coinvolgere tutti i senatori e i deputati, e hanno proposto che la Commissione speciale diventi una commissione permanente del Consiglio regionale.<\/p>\n\n\n\n<p>Nel corso della seduta sono intervenuti: la vice Ministra Alessandra Todde, i senatori Carlo Doria (Lega-Psd\u2019Az), Emiliano Fenu (M5S), Emilio Floris (FI), i deputati Luciano Cadeddu (M5S), Ugo Cappellacci (FI), la presidente della Commissione parlamentare per le questioni regionali, Emanuela Corda (Misto-Alternativa), Guido De Martini (Lega), Paola Deiana (M5S), Salvatore Deidda (FDI), Andrea Frailis (PD), Mara Lapia (Misto-Centro Democratico), Romina Mura (Pd), Pietro Pittalis (FI), Lucia Scanu (M5S), i consiglieri regionali Antonello Peru (Udc-Cambiamo), Francesco Agus (Progressisti), Roberto Li Gioi (M5S), Roberto Caredda (Misto). Com<\/p>\n","protected":false},"excerpt":{"rendered":"<p>Cagliari, 13 Dic 2021\u00a0&#8211; Tenere alta l\u2019attenzione sul percorso della proposta di legge costituzionale per il reinserimento del principio di insularit\u00e0 in Costituzione, sempre pi\u00f9&#8230;<\/p>\n","protected":false},"author":2,"featured_media":192512,"comment_status":"closed","ping_status":"open","sticky":false,"template":"","format":"standard","meta":[],"categories":[49,52],"tags":[],"_links":{"self":[{"href":"https:\/\/www.cronacaonline.it\/index.php\/wp-json\/wp\/v2\/posts\/215403"}],"collection":[{"href":"https:\/\/www.cronacaonline.it\/index.php\/wp-json\/wp\/v2\/posts"}],"about":[{"href":"https:\/\/www.cronacaonline.it\/index.php\/wp-json\/wp\/v2\/types\/post"}],"author":[{"embeddable":true,"href":"https:\/\/www.cronacaonline.it\/index.php\/wp-json\/wp\/v2\/users\/2"}],"replies":[{"embeddable":true,"href":"https:\/\/www.cronacaonline.it\/index.php\/wp-json\/wp\/v2\/comments?post=215403"}],"version-history":[{"count":1,"href":"https:\/\/www.cronacaonline.it\/index.php\/wp-json\/wp\/v2\/posts\/215403\/revisions"}],"predecessor-version":[{"id":215404,"href":"https:\/\/www.cronacaonline.it\/index.php\/wp-json\/wp\/v2\/posts\/215403\/revisions\/215404"}],"wp:featuredmedia":[{"embeddable":true,"href":"https:\/\/www.cronacaonline.it\/index.php\/wp-json\/wp\/v2\/media\/192512"}],"wp:attachment":[{"href":"https:\/\/www.cronacaonline.it\/index.php\/wp-json\/wp\/v2\/media?parent=215403"}],"wp:term":[{"taxonomy":"category","embeddable":true,"href":"https:\/\/www.cronacaonline.it\/index.php\/wp-json\/wp\/v2\/categories?post=215403"},{"taxonomy":"post_tag","embeddable":true,"href":"https:\/\/www.cronacaonline.it\/index.php\/wp-json\/wp\/v2\/tags?post=215403"}],"curies":[{"name":"wp","href":"https:\/\/api.w.org\/{rel}","templated":true}]}}