{"id":215386,"date":"2021-12-13T13:09:52","date_gmt":"2021-12-13T12:09:52","guid":{"rendered":"https:\/\/www.cronacaonline.it\/?p=215386"},"modified":"2021-12-13T13:09:54","modified_gmt":"2021-12-13T12:09:54","slug":"approvato-in-giunta-comunale-di-cagliari-il-puc-preliminare-per-una-cagliari-piu-verde-e-meno-grigia","status":"publish","type":"post","link":"https:\/\/www.cronacaonline.it\/index.php\/2021\/12\/13\/approvato-in-giunta-comunale-di-cagliari-il-puc-preliminare-per-una-cagliari-piu-verde-e-meno-grigia\/","title":{"rendered":"Approvato in Giunta comunale di Cagliari il Puc preliminare per una Cagliari \u201cpi\u00f9 verde e meno grigia\u201d."},"content":{"rendered":"\n<p>Cagliari, 13 Dic 2021 - Avviato con l'approvazione in Giunta del Puc preliminare, il percorso che condurr\u00e0 all'approvazione in Consiglio Comunale del nuovo Puc del Comune di Cagliari che andr\u00e0 a sostituire il precedente risalente al 2003.<\/p>\n\n\n\n<p>\u201cAndiamo a disegnare la citt\u00e0 dei prossimi vent'anni\u201d ha spiegato il Sindaco del capoluogo sardo, Paolo Truzzu che oggi, luned\u00ec 13 dicembre 2021, ha incontrato la stampa nella Sala del Retablo in Municipio.<\/p>\n\n\n\n<p>Il Sindaco Truzzu ha delineato le principali novit\u00e0 e gli obiettivi che l'Amministrazione intende perseguire con il documento al quale lavoreranno non solo la Commissione Urbanistica, ma anche tutti gli interessati visto che, dopo una prima fase, saranno chiamati in causa tutti i portatori di interesse che potranno presentare le proprie osservazioni.<\/p>\n\n\n\n<p>\u201cParlando delle citt\u00e0 del futuro in un convegno nei giorni scorsi \u2013 ha proseguito il primo cittadino cagliaritano \u2013 mi \u00e8 stato chiesto come saranno e come sar\u00e0 Cagliari. Un docente universitario ha detto che le citt\u00e0 saranno a colori e io sono molto d'accordo con questo e ho precisato che la nostra sar\u00e0 pi\u00f9 verde e meno grigia. Uno degli obiettivi ai quali tengo particolarmente \u00e8, poi, la valorizzazione delle aree fronte mare perch\u00e9 vogliamo regalare alla citt\u00e0 un lungomare attrezzato che vada da Giorgino fino a Sant'Elia e arrivi al Poetto\u201d.<\/p>\n\n\n\n<p>Non si fermer\u00e0 a questo l'attivit\u00e0 dell'Amministrazione che punter\u00e0 alla riqualificazione delle periferie, alle soluzioni in termini di case per migliorare il patrimonio edilizio e il tessuto urbanistico, alla valorizzazione dei beni storico-culturali per mettere a sistema il patrimonio della citt\u00e0.<\/p>\n\n\n\n<p>\u201cSar\u00e0 importante \u2013 ha proseguito Paolo Truzzu \u2013 valorizzare anche le zone umide, con Molentargius e Santa Gilla da una parte e il mare dall'altra. Ci piacerebbe una gestione unitaria di questi due soggetti per un grande parco naturalistico che unisca i due spazi. Ma abbiamo pensato anche alla riqualificazione urbana di Pirri, dove vive un quinto dei cittadini cagliaritani\u201d.<\/p>\n\n\n\n<p>Alla conferenza stampa hanno preso parte anche il vice Sindaco, Giorgio Angius, il Presidente della Commissione della Pianificazione Strategica e Sviluppo Urbanistico, Antonello Angioni e il Dirigente del Servizio Pianificazione Strategica e Territoriale, Salvatore Farci.<\/p>\n\n\n\n<p>\u201cUno dei concetti fondamentali di questo lavoro \u2013 ha precisato Giorgio Angius \u2013 \u00e8 l'avvicinamento della citt\u00e0 al mare, con una realt\u00e0 commerciale che si affaccia sul porto. Ci sono troppe divisioni che impediscono il collegamento con il mare e uno degli obiettivi \u00e8 proprio quello di colmare questa misura per realizzare tanti ponti tra la citt\u00e0 consolidata e il mare. Abbiamo pensato ad un lungomare che vada dal Porto Canale fino a Quartu con una serie di accorgimenti per collegare in maniera sicura i cittadini al mare. Il PUC 200, inoltre, non ha centrato tutti gli obiettivi che si poneva perch\u00e9, ad esempio, ci sono troppe periferie spesso con edificazioni scadenti. Con il nuovo Piano, ci sono le possibilit\u00e0 perch\u00e9 i proprietari realizzino un qualcosa che sia utile per loro ma anche per la comunit\u00e0\u201d.<\/p>\n\n\n\n<p>\u201cVoglio solo aggiungere \u2013 il pensiero di Antonello Angioni \u2013 che verranno sentiti tutti i portatori di interesse e che ci saranno tanti tavoli tematici che rappresenteranno la base di una discussione. E uno dei pregi di questo piano \u00e8 che viene articolato in progetti guida che sono degli stralci funzionali che hanno autonomia. Un vantaggio che consente di collegare meglio la pianificazione urbanistica alle esigenze ambientali e cos\u00ec via\u201d.<\/p>\n\n\n\n<p>A chiudere il giro di interventi \u00e8 stato Salvatore Farci. \u201cQuesto \u00e8 un Piano innovativo che introduce i progetti guida come strumento per arrivare, sotto l'aspetto progettuale, a risultati importanti in modo che le scelte di pianificazione non siano limitate a parti circoscritte ma abbiano sempre una visione di insieme\u201d. Com<\/p>\n","protected":false},"excerpt":{"rendered":"<p>Cagliari, 13 Dic 2021 &#8211; Avviato con l&#8217;approvazione in Giunta del Puc preliminare, il percorso che condurr\u00e0 all&#8217;approvazione in Consiglio Comunale del nuovo Puc del&#8230;<\/p>\n","protected":false},"author":2,"featured_media":209425,"comment_status":"closed","ping_status":"open","sticky":false,"template":"","format":"standard","meta":[],"categories":[49,52],"tags":[],"_links":{"self":[{"href":"https:\/\/www.cronacaonline.it\/index.php\/wp-json\/wp\/v2\/posts\/215386"}],"collection":[{"href":"https:\/\/www.cronacaonline.it\/index.php\/wp-json\/wp\/v2\/posts"}],"about":[{"href":"https:\/\/www.cronacaonline.it\/index.php\/wp-json\/wp\/v2\/types\/post"}],"author":[{"embeddable":true,"href":"https:\/\/www.cronacaonline.it\/index.php\/wp-json\/wp\/v2\/users\/2"}],"replies":[{"embeddable":true,"href":"https:\/\/www.cronacaonline.it\/index.php\/wp-json\/wp\/v2\/comments?post=215386"}],"version-history":[{"count":1,"href":"https:\/\/www.cronacaonline.it\/index.php\/wp-json\/wp\/v2\/posts\/215386\/revisions"}],"predecessor-version":[{"id":215387,"href":"https:\/\/www.cronacaonline.it\/index.php\/wp-json\/wp\/v2\/posts\/215386\/revisions\/215387"}],"wp:featuredmedia":[{"embeddable":true,"href":"https:\/\/www.cronacaonline.it\/index.php\/wp-json\/wp\/v2\/media\/209425"}],"wp:attachment":[{"href":"https:\/\/www.cronacaonline.it\/index.php\/wp-json\/wp\/v2\/media?parent=215386"}],"wp:term":[{"taxonomy":"category","embeddable":true,"href":"https:\/\/www.cronacaonline.it\/index.php\/wp-json\/wp\/v2\/categories?post=215386"},{"taxonomy":"post_tag","embeddable":true,"href":"https:\/\/www.cronacaonline.it\/index.php\/wp-json\/wp\/v2\/tags?post=215386"}],"curies":[{"name":"wp","href":"https:\/\/api.w.org\/{rel}","templated":true}]}}