{"id":215372,"date":"2021-12-13T11:29:55","date_gmt":"2021-12-13T10:29:55","guid":{"rendered":"https:\/\/www.cronacaonline.it\/?p=215372"},"modified":"2021-12-13T11:29:57","modified_gmt":"2021-12-13T10:29:57","slug":"ambiente-asinara-al-museo-marini-di-firenze-assessore-lampis-sardegna-protagonista-come-esempio-di-equilibrio-tra-uomo-e-natura","status":"publish","type":"post","link":"https:\/\/www.cronacaonline.it\/index.php\/2021\/12\/13\/ambiente-asinara-al-museo-marini-di-firenze-assessore-lampis-sardegna-protagonista-come-esempio-di-equilibrio-tra-uomo-e-natura\/","title":{"rendered":"Ambiente, Asinara al museo marini di Firenze. Assessore Lampis: \u2018Sardegna protagonista come esempio di equilibrio tra uomo e natura\u2019."},"content":{"rendered":"\n<p>Firenze, 13 Dic 2021\u00a0\u2013 Dopo la presenza, con un grande riscontro di pubblico, nel Padiglione Italia (sezione Arte e paesaggio) della XVII Biennale di Venezia, l\u2019installazione \u201cLe comunit\u00e0 resilienti sommerse dell\u2019isola dell\u2019Asinara\u201d si \u00e8 trasferita a Firenze\u00a0nella cripta del Museo Marino Marini che ospita l\u2019esposizione\u00a0\u201cPaesaggi resilienti per le comunit\u00e0 resilienti\u201d\u00a0fino al 31 gennaio 2022.<\/p>\n\n\n\n<p>Nell\u2019allestimento, caratterizzato da un tappeto di tre quintali di posidonia e da una serie di pannelli di essenze autoctone e di ricostruzioni reali e virtuali dell\u2019ambiente dell\u2019Asinara, anche due megaschermi che riproducono video con immagini del patrimonio ambientale e naturale isolano.&nbsp;L\u2019installazione sar\u00e0 itinerante per tutto il 2022 e dopo Firenze sar\u00e0 protagonista all\u2019interno di alcune realt\u00e0 culturali nazionali (Roma, Milano, Val di Sella).<\/p>\n\n\n\n<p>\u201cLa presenza della Sardegna in questi importanti luoghi d'arte e di cultura garantisce una ricaduta positiva per la promozione dei suoi valori ambientali e paesaggistici \u2013 ha commentato l'assessore regionale della Difesa dell'ambiente, Gianni Lampis,&nbsp;che sabato scorso ha partecipato all\u2019inaugurazione \u2013 Il paesaggio rappresenta una cornice fondamentale per un nuovo patto tra uomo e ambiente e, nel caso dell\u2019Asinara,&nbsp;dove il Parco nazionale e l'Area marina protetta sono impegnati attivamente a preservare il patrimonio naturalistico, con la collaborazione dei presidi di Forestas, Corpo forestale e Conservatoria delle coste,&nbsp;l\u2019esempio viene dal sottile equilibrio tra elemento antropico e ambiente\".<\/p>\n\n\n\n<p>\u201cLa Sardegna \u00e8 mobilitata in numerosi progetti in tema di ambiente, turismo sostenibile e per la difesa degli ecosistemi, convinta che il patrimonio paesaggistico rappresenti un impareggiabile volano economico. Le nostre comunit\u00e0 possono contribuire a formulare risposte alle grandi sfide della modernit\u00e0, a cominciare dal cambiamento climatico e dalla sostenibilit\u00e0 delle azioni destinate allo sviluppo economico. La politica deve creare percorsi condivisi per offrire strumenti adeguati ad affrontare le problematiche ambientali, ha aggiunto l\u2019assessore Lampis.&nbsp;Com<\/p>\n","protected":false},"excerpt":{"rendered":"<p>Firenze, 13 Dic 2021\u00a0\u2013 Dopo la presenza, con un grande riscontro di pubblico, nel Padiglione Italia (sezione Arte e paesaggio) della XVII Biennale di Venezia,&#8230;<\/p>\n","protected":false},"author":2,"featured_media":215373,"comment_status":"closed","ping_status":"open","sticky":false,"template":"","format":"standard","meta":[],"categories":[49,52],"tags":[],"_links":{"self":[{"href":"https:\/\/www.cronacaonline.it\/index.php\/wp-json\/wp\/v2\/posts\/215372"}],"collection":[{"href":"https:\/\/www.cronacaonline.it\/index.php\/wp-json\/wp\/v2\/posts"}],"about":[{"href":"https:\/\/www.cronacaonline.it\/index.php\/wp-json\/wp\/v2\/types\/post"}],"author":[{"embeddable":true,"href":"https:\/\/www.cronacaonline.it\/index.php\/wp-json\/wp\/v2\/users\/2"}],"replies":[{"embeddable":true,"href":"https:\/\/www.cronacaonline.it\/index.php\/wp-json\/wp\/v2\/comments?post=215372"}],"version-history":[{"count":1,"href":"https:\/\/www.cronacaonline.it\/index.php\/wp-json\/wp\/v2\/posts\/215372\/revisions"}],"predecessor-version":[{"id":215374,"href":"https:\/\/www.cronacaonline.it\/index.php\/wp-json\/wp\/v2\/posts\/215372\/revisions\/215374"}],"wp:featuredmedia":[{"embeddable":true,"href":"https:\/\/www.cronacaonline.it\/index.php\/wp-json\/wp\/v2\/media\/215373"}],"wp:attachment":[{"href":"https:\/\/www.cronacaonline.it\/index.php\/wp-json\/wp\/v2\/media?parent=215372"}],"wp:term":[{"taxonomy":"category","embeddable":true,"href":"https:\/\/www.cronacaonline.it\/index.php\/wp-json\/wp\/v2\/categories?post=215372"},{"taxonomy":"post_tag","embeddable":true,"href":"https:\/\/www.cronacaonline.it\/index.php\/wp-json\/wp\/v2\/tags?post=215372"}],"curies":[{"name":"wp","href":"https:\/\/api.w.org\/{rel}","templated":true}]}}