{"id":215370,"date":"2021-12-13T11:27:17","date_gmt":"2021-12-13T10:27:17","guid":{"rendered":"https:\/\/www.cronacaonline.it\/?p=215370"},"modified":"2021-12-13T11:27:19","modified_gmt":"2021-12-13T10:27:19","slug":"consiglio-sardegna-commissioni-il-calendario-della-settimana-12","status":"publish","type":"post","link":"https:\/\/www.cronacaonline.it\/index.php\/2021\/12\/13\/consiglio-sardegna-commissioni-il-calendario-della-settimana-12\/","title":{"rendered":"Consiglio Sardegna &#8211; Commissioni: il calendario della settimana."},"content":{"rendered":"\n<p>Cagliari, 13 Dic 2021 \u2013 Per domani (marted\u00ec 14 dicembre) alle 10.00 \u00e8 in programma, con un ciclo di audizioni, la riunione della commissione Sanit\u00e0, presieduta da Antonio Mario Mundula (Fdi).<\/p>\n\n\n\n<p>La commissione sentir\u00e0 l\u2019Associazione italiana di Fisica medica e sanitaria sulla riorganizzazione dei servizi di fisica sanitaria ed ingegneria robotica e, sullo stesso tema, anche gli uffici interessati dell\u2019Ats.<\/p>\n\n\n\n<p>Nel pomeriggio alle 15.30 si terr\u00e0 invece la seduta congiunta con la commissione Attivit\u00e0 produttive nella quale saranno ascoltati l\u2019assessore dell\u2019Agricoltura ed i commissari dell\u2019Istituto Zooprofilattico e dell\u2019Ats sulla situazione della lotta alla peste suina ed all\u2019epidemia Blue Tongue.<\/p>\n\n\n\n<p>Sempre marted\u00ec ma alle 10.30 la commissione Attivit\u00e0 produttive presieduta da Piero Maieli (Psd\u2019Az) ascolter\u00e0 l\u2019assessore dell\u2019Agricoltura sullo stato di attuazione dei pagamenti del premio \u201cUnico\u201d per l\u2019annualit\u00e0 2021.<\/p>\n\n\n\n<p>La commissione inizier\u00e0&nbsp; poi l\u2019esame di diverse proposte di legge: la n.135, con l\u2019intervento dell\u2019assessore dell\u2019Agricoltura, sugli interventi urgenti a favore del comparto ovino a compensazione del calo del prezzo della lana di pecora e la salvaguardia del rito tradizionale della tosatura; la n.52 riguardante disposizioni in materia di agricoltura (modifica della legge regionale 15 del 2010); la n.219 relativa a misure per la valorizzazione della filiera produttiva del latte d\u2019asina; la n.168 sulla disciplina della raccolta e coltivazione dei tartufi sardi e la valorizzazione del patrimonio tartufigeno regionale ed infine la n.277 su riconoscimento della figura dell\u2019agricoltore quale \u201ccustode dell\u2019ambiente e del territorio\u201d.<\/p>\n\n\n\n<p>Per il pomeriggio alle 15.30 \u00e8 in programma la citata seduta congiunta con la commissione Sanit\u00e0. Com<\/p>\n","protected":false},"excerpt":{"rendered":"<p>Cagliari, 13 Dic 2021 \u2013 Per domani (marted\u00ec 14 dicembre) alle 10.00 \u00e8 in programma, con un ciclo di audizioni, la riunione della commissione Sanit\u00e0,&#8230;<\/p>\n","protected":false},"author":2,"featured_media":192510,"comment_status":"closed","ping_status":"open","sticky":false,"template":"","format":"standard","meta":[],"categories":[49,52],"tags":[],"_links":{"self":[{"href":"https:\/\/www.cronacaonline.it\/index.php\/wp-json\/wp\/v2\/posts\/215370"}],"collection":[{"href":"https:\/\/www.cronacaonline.it\/index.php\/wp-json\/wp\/v2\/posts"}],"about":[{"href":"https:\/\/www.cronacaonline.it\/index.php\/wp-json\/wp\/v2\/types\/post"}],"author":[{"embeddable":true,"href":"https:\/\/www.cronacaonline.it\/index.php\/wp-json\/wp\/v2\/users\/2"}],"replies":[{"embeddable":true,"href":"https:\/\/www.cronacaonline.it\/index.php\/wp-json\/wp\/v2\/comments?post=215370"}],"version-history":[{"count":1,"href":"https:\/\/www.cronacaonline.it\/index.php\/wp-json\/wp\/v2\/posts\/215370\/revisions"}],"predecessor-version":[{"id":215371,"href":"https:\/\/www.cronacaonline.it\/index.php\/wp-json\/wp\/v2\/posts\/215370\/revisions\/215371"}],"wp:featuredmedia":[{"embeddable":true,"href":"https:\/\/www.cronacaonline.it\/index.php\/wp-json\/wp\/v2\/media\/192510"}],"wp:attachment":[{"href":"https:\/\/www.cronacaonline.it\/index.php\/wp-json\/wp\/v2\/media?parent=215370"}],"wp:term":[{"taxonomy":"category","embeddable":true,"href":"https:\/\/www.cronacaonline.it\/index.php\/wp-json\/wp\/v2\/categories?post=215370"},{"taxonomy":"post_tag","embeddable":true,"href":"https:\/\/www.cronacaonline.it\/index.php\/wp-json\/wp\/v2\/tags?post=215370"}],"curies":[{"name":"wp","href":"https:\/\/api.w.org\/{rel}","templated":true}]}}