{"id":215360,"date":"2021-12-13T11:13:07","date_gmt":"2021-12-13T10:13:07","guid":{"rendered":"https:\/\/www.cronacaonline.it\/?p=215360"},"modified":"2021-12-13T11:13:09","modified_gmt":"2021-12-13T10:13:09","slug":"cure-palliative-cuccu-misto-sardegna-ancora-indietro-il-c-t-o-di-iglesias-accreditato-nella-rete-della-terapia-del-dolore","status":"publish","type":"post","link":"https:\/\/www.cronacaonline.it\/index.php\/2021\/12\/13\/cure-palliative-cuccu-misto-sardegna-ancora-indietro-il-c-t-o-di-iglesias-accreditato-nella-rete-della-terapia-del-dolore\/","title":{"rendered":"Cure palliative, Cuccu (Misto) \u2019Sardegna ancora indietro. Il c.t.o. di Iglesias accreditato nella rete della terapia del dolore."},"content":{"rendered":"\n<p>Cagliari, 13 Dic 2021\u00a0\u2013 La Sardegna non ha una rete delle cure palliative, cos\u00ec come prevista dalla legge nazionale 38 del 2010, che dava\u00a0avvio ad un programma che prevedeva, tra l\u2019altro, la realizzazione di hospice su tutto il territorio. Lo sottolinea \u2013 in una interrogazione all\u2019assessore della Sanit\u00e0, Mario Nieddu - la consigliera regionale del Gruppo Misto, Carla Cuccu, che\u00a0lancia la proposta di inserimento\u00a0del CTO di Iglesias nella stipula degli accreditamenti della rete di terapia del dolore e cure palliative pediatriche.<\/p>\n\n\n\n<p>\u201cIn Sardegna \u2013 spiega nella nota la consigliera Cuccu - il numero annuale di malati che necessitano di cure di fine vita \u00e8 stato stimato nel 2019 in circa 8.000, 5.000 dei quali affetti da patologie oncologiche. Nell\u2019Isola ci risulta che ci siano attualmente tre hospice pubblici \u2013 a Cagliari (18 posti letto), Nuoro (8 posti letto), Oristano (8 posti letto) -,&nbsp;&nbsp;due strutture private convenzionate a Quartu Sant\u2019Elena (Nostra Signora di Fatima, 12 posti letto) e l\u2019Hospice Monsignor Angioni (11 posti letto), un Nucleo Hospice a Tempio Pausania (8 posti letto), gli ambulatori della Terapia del dolore di Iglesias, il cui nosocomio C.T O. \u2013 aggiunge la consigliera - \u00e8 rinomato per essere stato anche un importante centro di riferimento per la chirurgia pediatrica, la SSDD Terapia del dolore dell\u2019ospedale Binaghi di Cagliari e l\u2019ambulatorio collegato all\u2019ospedale di Isili, l\u2019Unit\u00e0 Operativa di Terapia del dolore dell\u2019ospedale Businco di Cagliari, Centro di riferimento regionale (4 posti letto)\u201d. Oltre al Nord Sardegna, quasi del tutto scoperto, manca anche un hospice pediatrico, anch\u2019esso previsto dalla legge 38\/2010.<\/p>\n\n\n\n<p>\u201cDue anni fa \u00e8 stata approvata una delibera sulle Linee di indirizzo per il rafforzamento della Rete di cure palliative nella Regione Sardegna \u2013 ricostruisce ancora l\u2019esponente del Gruppo Misto \u2013 che dava mandato all\u2019assessore regionale della Sanit\u00e0 di istituire un coordinamento regionale della rete. Alla Giunta chiediamo di sapere cosa sia stato fatto per dare attuazione alla legge che attende applicazione da 10 anni. Si tratta di una battaglia di civilt\u00e0, non dobbiamo dimenticare ci\u00f2 che sancisce l\u2019Istituto Superiore di Sanit\u00e0:&nbsp;lo scopo delle cure palliative non \u00e8 quello di accelerare n\u00e9 di ritardare la morte, ma di preservare la migliore qualit\u00e0 della vita possibile fino alla fine\u201d. Com<\/p>\n","protected":false},"excerpt":{"rendered":"<p>Cagliari, 13 Dic 2021\u00a0\u2013 La Sardegna non ha una rete delle cure palliative, cos\u00ec come prevista dalla legge nazionale 38 del 2010, che dava\u00a0avvio ad&#8230;<\/p>\n","protected":false},"author":2,"featured_media":181430,"comment_status":"closed","ping_status":"open","sticky":false,"template":"","format":"standard","meta":[],"categories":[49,52],"tags":[],"_links":{"self":[{"href":"https:\/\/www.cronacaonline.it\/index.php\/wp-json\/wp\/v2\/posts\/215360"}],"collection":[{"href":"https:\/\/www.cronacaonline.it\/index.php\/wp-json\/wp\/v2\/posts"}],"about":[{"href":"https:\/\/www.cronacaonline.it\/index.php\/wp-json\/wp\/v2\/types\/post"}],"author":[{"embeddable":true,"href":"https:\/\/www.cronacaonline.it\/index.php\/wp-json\/wp\/v2\/users\/2"}],"replies":[{"embeddable":true,"href":"https:\/\/www.cronacaonline.it\/index.php\/wp-json\/wp\/v2\/comments?post=215360"}],"version-history":[{"count":1,"href":"https:\/\/www.cronacaonline.it\/index.php\/wp-json\/wp\/v2\/posts\/215360\/revisions"}],"predecessor-version":[{"id":215361,"href":"https:\/\/www.cronacaonline.it\/index.php\/wp-json\/wp\/v2\/posts\/215360\/revisions\/215361"}],"wp:featuredmedia":[{"embeddable":true,"href":"https:\/\/www.cronacaonline.it\/index.php\/wp-json\/wp\/v2\/media\/181430"}],"wp:attachment":[{"href":"https:\/\/www.cronacaonline.it\/index.php\/wp-json\/wp\/v2\/media?parent=215360"}],"wp:term":[{"taxonomy":"category","embeddable":true,"href":"https:\/\/www.cronacaonline.it\/index.php\/wp-json\/wp\/v2\/categories?post=215360"},{"taxonomy":"post_tag","embeddable":true,"href":"https:\/\/www.cronacaonline.it\/index.php\/wp-json\/wp\/v2\/tags?post=215360"}],"curies":[{"name":"wp","href":"https:\/\/api.w.org\/{rel}","templated":true}]}}