{"id":215324,"date":"2021-12-11T17:07:45","date_gmt":"2021-12-11T16:07:45","guid":{"rendered":"https:\/\/www.cronacaonline.it\/?p=215324"},"modified":"2021-12-11T17:07:47","modified_gmt":"2021-12-11T16:07:47","slug":"manovra-romina-mura-pd-emanca-5s-adeguare-previdenza-forestali-regioni-speciali","status":"publish","type":"post","link":"https:\/\/www.cronacaonline.it\/index.php\/2021\/12\/11\/manovra-romina-mura-pd-emanca-5s-adeguare-previdenza-forestali-regioni-speciali\/","title":{"rendered":"Manovra: Romina Mura (Pd) eManca (5S), adeguare previdenza forestali Regioni speciali."},"content":{"rendered":"\n<p>Cagliari, 11 Dic 2021 - \u201cPieno sostegno al riconoscimento dei diritti dei dipendenti dei Corpi forestali delle Regioni a statuto speciale, come prevede un apposito emendamento alla legge di Bilancio che equipara il trattamento previdenziale alle altre Forze di Polizia. Su questo equo provvedimento confidiamo nella convergenza di tutte le forze politiche, in particolare dei parlamentari delle Regioni speciali\u201d.<\/p>\n\n\n\n<p>Lo affermano in una nota i deputati Romina Mura (Pd) e Alberto Manca (M5S) a proposito dell\u2019emendamento a prima firma del senatore Emiliano Fenu (M5S) che modifica l\u2019articolo 19 della legge 4 novembre 2010, n. 183, armonizzando alle altre Forze di Polizia la disciplina dei requisiti per l\u2019accesso al pensionamento degli organici dei Corpi Forestali delle Regioni a statuto speciale e delle Province autonome di Trento e Bolzano.<\/p>\n\n\n\n<p>\u201cE\u2019 un\u2019esigenza gi\u00e0 portata all\u2019attenzione delle Camere con proposte di legge nella scorsa legislatura e in questa e che ora \u2013 evidenziano i due parlamentari - si ripropone con forza nell\u2019esame della Legge di bilancio, per difendere i diritti di lavoratori che nelle Regioni speciali adempiono funzioni di prevenzione e repressione dei reati, tutela dell\u2019ordine e della sicurezza pubblica, allo stesso modo dei Carabinieri forestali nelle Regioni ordinarie\u201d.<\/p>\n\n\n\n<p>\u201cDopo l\u2019accorpamento del Corpo forestale dello Stato \u2013 spiegano Manca e Mura - \u00e8 rimasta alle Regioni speciali la facolt\u00e0 di mantenere propri Corpi forestali ma \u00e8 restata insoluta la questione della sperequazione previdenziale, che con questo emendamento le Regioni possono sanare\u201d. Com<\/p>\n","protected":false},"excerpt":{"rendered":"<p>Cagliari, 11 Dic 2021 &#8211; \u201cPieno sostegno al riconoscimento dei diritti dei dipendenti dei Corpi forestali delle Regioni a statuto speciale, come prevede un apposito&#8230;<\/p>\n","protected":false},"author":2,"featured_media":211503,"comment_status":"closed","ping_status":"open","sticky":false,"template":"","format":"standard","meta":[],"categories":[49,52],"tags":[],"_links":{"self":[{"href":"https:\/\/www.cronacaonline.it\/index.php\/wp-json\/wp\/v2\/posts\/215324"}],"collection":[{"href":"https:\/\/www.cronacaonline.it\/index.php\/wp-json\/wp\/v2\/posts"}],"about":[{"href":"https:\/\/www.cronacaonline.it\/index.php\/wp-json\/wp\/v2\/types\/post"}],"author":[{"embeddable":true,"href":"https:\/\/www.cronacaonline.it\/index.php\/wp-json\/wp\/v2\/users\/2"}],"replies":[{"embeddable":true,"href":"https:\/\/www.cronacaonline.it\/index.php\/wp-json\/wp\/v2\/comments?post=215324"}],"version-history":[{"count":1,"href":"https:\/\/www.cronacaonline.it\/index.php\/wp-json\/wp\/v2\/posts\/215324\/revisions"}],"predecessor-version":[{"id":215325,"href":"https:\/\/www.cronacaonline.it\/index.php\/wp-json\/wp\/v2\/posts\/215324\/revisions\/215325"}],"wp:featuredmedia":[{"embeddable":true,"href":"https:\/\/www.cronacaonline.it\/index.php\/wp-json\/wp\/v2\/media\/211503"}],"wp:attachment":[{"href":"https:\/\/www.cronacaonline.it\/index.php\/wp-json\/wp\/v2\/media?parent=215324"}],"wp:term":[{"taxonomy":"category","embeddable":true,"href":"https:\/\/www.cronacaonline.it\/index.php\/wp-json\/wp\/v2\/categories?post=215324"},{"taxonomy":"post_tag","embeddable":true,"href":"https:\/\/www.cronacaonline.it\/index.php\/wp-json\/wp\/v2\/tags?post=215324"}],"curies":[{"name":"wp","href":"https:\/\/api.w.org\/{rel}","templated":true}]}}