{"id":215314,"date":"2021-12-10T10:54:27","date_gmt":"2021-12-10T09:54:27","guid":{"rendered":"https:\/\/www.cronacaonline.it\/?p=215314"},"modified":"2021-12-10T10:54:29","modified_gmt":"2021-12-10T09:54:29","slug":"iss-incidenza-cresce-ancora-e-tocca-176-rt-pari-a-118","status":"publish","type":"post","link":"https:\/\/www.cronacaonline.it\/index.php\/2021\/12\/10\/iss-incidenza-cresce-ancora-e-tocca-176-rt-pari-a-118\/","title":{"rendered":"Iss: incidenza cresce ancora e tocca 176, Rt pari a 1,18."},"content":{"rendered":"\n<p>Roma, 10 Dic 2021 - L'incidenza settimanale a livello nazionale continua ad aumentare: 176 per 100mila abitanti (3-9 dicembre 2021) contro 155 per 100mila abitanti della scorsa settimana (26\/11-2\/12). Nel periodo 16 novembre -29 novembre2021, l'Rt medio calcolato sui casi sintomatici \u00e8 stato invece pari a 1,18 (range 1,06-1,24), leggermente in diminuzione rispetto alla settimana precedente (quando era pari a 1,20) ma al di sopra della soglia epidemica. Lo evidenzia il monitoraggio della Cabina di regia, i cui dati sono comunicati dall'Istituto superiore di sanit\u00e0.<\/p>\n\n\n\n<p>Cresce, anche questa settimana, l'occupazione dei reparti ospedalieri. Il tasso di occupazione in terapia intensiva \u00e8 all'8,5% (rilevazione giornaliera ministero della Salute al 9 dicembre) contro il 7,3%(rilevazione giornaliera ministero della Salute al 2 dicembre). Il tasso di occupazione in aree mediche a livello nazionale sale al 10,6% (rilevazione giornaliera ministero della Salute al 9 dicembre) contro il 9,1% (rilevazione giornaliera ministero della Salute al 2 dicembre).&nbsp;<\/p>\n\n\n\n<p>Venti Regioni e Province autonome risultano classificate a rischio moderato questa settimana. Una regione - il Molise - \u00e8 classificata a rischio basso. Dodic iRegioni e Province autonome riportano un'allerta di resilienza.&nbsp;<\/p>\n\n\n\n<p>In forte aumento il numero di nuovi casi non associati a catene di trasmissione (37.278 contro 30.966 della settimana precedente). La percentuale dei casi rilevati attraverso l'attivit\u00e0 di tracciamento dei contatti \u00e8 in aumento (34% contro il 33% della scorsa settimana). \u00c8 in diminuzione la percentuale dei casi rilevati attraverso la comparsa dei sintomi (40% contro il 45%), mentre sale la percentuale di casi diagnosticati attraverso attivit\u00e0 di screening (26% contro il 22%).<\/p>\n","protected":false},"excerpt":{"rendered":"<p>Roma, 10 Dic 2021 &#8211; L&#8217;incidenza settimanale a livello nazionale continua ad aumentare: 176 per 100mila abitanti (3-9 dicembre 2021) contro 155 per 100mila abitanti&#8230;<\/p>\n","protected":false},"author":2,"featured_media":213866,"comment_status":"closed","ping_status":"open","sticky":false,"template":"","format":"standard","meta":[],"categories":[49,50],"tags":[],"_links":{"self":[{"href":"https:\/\/www.cronacaonline.it\/index.php\/wp-json\/wp\/v2\/posts\/215314"}],"collection":[{"href":"https:\/\/www.cronacaonline.it\/index.php\/wp-json\/wp\/v2\/posts"}],"about":[{"href":"https:\/\/www.cronacaonline.it\/index.php\/wp-json\/wp\/v2\/types\/post"}],"author":[{"embeddable":true,"href":"https:\/\/www.cronacaonline.it\/index.php\/wp-json\/wp\/v2\/users\/2"}],"replies":[{"embeddable":true,"href":"https:\/\/www.cronacaonline.it\/index.php\/wp-json\/wp\/v2\/comments?post=215314"}],"version-history":[{"count":1,"href":"https:\/\/www.cronacaonline.it\/index.php\/wp-json\/wp\/v2\/posts\/215314\/revisions"}],"predecessor-version":[{"id":215315,"href":"https:\/\/www.cronacaonline.it\/index.php\/wp-json\/wp\/v2\/posts\/215314\/revisions\/215315"}],"wp:featuredmedia":[{"embeddable":true,"href":"https:\/\/www.cronacaonline.it\/index.php\/wp-json\/wp\/v2\/media\/213866"}],"wp:attachment":[{"href":"https:\/\/www.cronacaonline.it\/index.php\/wp-json\/wp\/v2\/media?parent=215314"}],"wp:term":[{"taxonomy":"category","embeddable":true,"href":"https:\/\/www.cronacaonline.it\/index.php\/wp-json\/wp\/v2\/categories?post=215314"},{"taxonomy":"post_tag","embeddable":true,"href":"https:\/\/www.cronacaonline.it\/index.php\/wp-json\/wp\/v2\/tags?post=215314"}],"curies":[{"name":"wp","href":"https:\/\/api.w.org\/{rel}","templated":true}]}}