{"id":215305,"date":"2021-12-10T08:00:30","date_gmt":"2021-12-10T07:00:30","guid":{"rendered":"https:\/\/www.cronacaonline.it\/?p=215305"},"modified":"2021-12-10T08:00:32","modified_gmt":"2021-12-10T07:00:32","slug":"certificazione-verde-valida-anche-se-si-e-positivi-il-governo-corre-ai-ripari","status":"publish","type":"post","link":"https:\/\/www.cronacaonline.it\/index.php\/2021\/12\/10\/certificazione-verde-valida-anche-se-si-e-positivi-il-governo-corre-ai-ripari\/","title":{"rendered":"Certificazione verde: valida anche se si \u00e8 positivi. Il governo corre ai ripari."},"content":{"rendered":"\n<p>Roma, 10 Dic 2021 - In giro per ristoranti bar e alberghi pur se positivi: tecnicamente \u00e8 possibile perch\u00e9 la Certificazione Verde non viene sospeso in caso di positivit\u00e0. Si ha l\u2019obbligo di isolamento ma il certificato verde di fatto continua ad essere valido.<\/p>\n\n\n\n<p>A sanare questo \u201cbaco\u201d nel sistema a giorni arriver\u00e0 un intervento del&nbsp;ministero della Salute per la revoca temporanea del Green pass a chi risulta positivo dopo aver ricevuto il certificato verde. Lo&nbsp;confermano fonti del ministero. Il problema per\u00f2&nbsp;andrebbe affrontato a livello Europeo, un fronte su cui il dicastero guidato da Roberto Speranza si sta muovendo e che potrebbe risolversi in tempi stretti.<\/p>\n\n\n\n<p>Infine va ricordato che legge italiana gi\u00e0 prevede le sanzioni per chi, positivo, esca dall'isolamento e provi ad usare il&nbsp;Green pass, ma arrivare ad un sistema di revoca a livello europeo&nbsp;permetterebbe di avere una omogeneit\u00e0 di blocco del certificato anche&nbsp;negli altri paesi se usato in modo fraudolento.<\/p>\n","protected":false},"excerpt":{"rendered":"<p>Roma, 10 Dic 2021 &#8211; In giro per ristoranti bar e alberghi pur se positivi: tecnicamente \u00e8 possibile perch\u00e9 la Certificazione Verde non viene sospeso&#8230;<\/p>\n","protected":false},"author":2,"featured_media":214551,"comment_status":"closed","ping_status":"open","sticky":false,"template":"","format":"standard","meta":[],"categories":[49,50],"tags":[],"_links":{"self":[{"href":"https:\/\/www.cronacaonline.it\/index.php\/wp-json\/wp\/v2\/posts\/215305"}],"collection":[{"href":"https:\/\/www.cronacaonline.it\/index.php\/wp-json\/wp\/v2\/posts"}],"about":[{"href":"https:\/\/www.cronacaonline.it\/index.php\/wp-json\/wp\/v2\/types\/post"}],"author":[{"embeddable":true,"href":"https:\/\/www.cronacaonline.it\/index.php\/wp-json\/wp\/v2\/users\/2"}],"replies":[{"embeddable":true,"href":"https:\/\/www.cronacaonline.it\/index.php\/wp-json\/wp\/v2\/comments?post=215305"}],"version-history":[{"count":1,"href":"https:\/\/www.cronacaonline.it\/index.php\/wp-json\/wp\/v2\/posts\/215305\/revisions"}],"predecessor-version":[{"id":215306,"href":"https:\/\/www.cronacaonline.it\/index.php\/wp-json\/wp\/v2\/posts\/215305\/revisions\/215306"}],"wp:featuredmedia":[{"embeddable":true,"href":"https:\/\/www.cronacaonline.it\/index.php\/wp-json\/wp\/v2\/media\/214551"}],"wp:attachment":[{"href":"https:\/\/www.cronacaonline.it\/index.php\/wp-json\/wp\/v2\/media?parent=215305"}],"wp:term":[{"taxonomy":"category","embeddable":true,"href":"https:\/\/www.cronacaonline.it\/index.php\/wp-json\/wp\/v2\/categories?post=215305"},{"taxonomy":"post_tag","embeddable":true,"href":"https:\/\/www.cronacaonline.it\/index.php\/wp-json\/wp\/v2\/tags?post=215305"}],"curies":[{"name":"wp","href":"https:\/\/api.w.org\/{rel}","templated":true}]}}