{"id":215301,"date":"2021-12-09T19:42:20","date_gmt":"2021-12-09T18:42:20","guid":{"rendered":"https:\/\/www.cronacaonline.it\/?p=215301"},"modified":"2021-12-09T19:42:22","modified_gmt":"2021-12-09T18:42:22","slug":"sanita-13-milioni-di-euro-di-incentivi-per-gli-ospedali-in-difficolta-assessore-nieddu-e-presidente-solinas-chiuso-un-accordo-storico","status":"publish","type":"post","link":"https:\/\/www.cronacaonline.it\/index.php\/2021\/12\/09\/sanita-13-milioni-di-euro-di-incentivi-per-gli-ospedali-in-difficolta-assessore-nieddu-e-presidente-solinas-chiuso-un-accordo-storico\/","title":{"rendered":"Sanit\u00e0, 13 milioni di euro di incentivi per gli ospedali in difficolt\u00e0. Assessore Nieddu e presidente Solinas: &#8220;chiuso un accordo storico&#8221;."},"content":{"rendered":"\n<p>Cagliari, 9 Dic 2021\u00a0\u2013 Si \u00e8 chiuso oggi l'accordo sindacale che consentir\u00e0 di destinare risorse speciali agli ospedali dell'Isola in difficolt\u00e0 per la carenza di personale. Medici, infermieri e addetti del comparto che lavorano o sceglieranno di lavorare nei presidi pi\u00f9 svantaggiati saranno incentivati economicamente. L'accordo consentir\u00e0 di regolare l'applicazione delle 'Rar', Risorse aggiuntive regionali, 13 milioni di euro stanziati nella legge Omnibus.<\/p>\n\n\n\n<p>L'intesa raggiunta con i sindacati stabilisce concretamente regole e modalit\u00e0 per l\u2019assegnazione delle risorse, che ora potranno finalmente essere utilizzate per erogare gli incentivi. \"La carenza di personale \u2013 afferma in un comunicato l'assessore regionale della Sanit\u00e0, Mario Nieddu \u2013 rappresenta oggi la prima emergenza del nostro sistema sanitario e questo ci vede impegnati su ogni fronte con l'obiettivo di garantire l'assistenza e le cure ovunque. La sanit\u00e0 della Sardegna deve marciare unita, non esistono cittadini di 'serie a' o 'b'. Il nostro sistema sanitario deve ripartire dai territori. Stiamo mettendo in campo ogni strumento per potenziare i servizi e questa \u00e8 senza dubbio una misura concreta, coraggiosa e innovativa\".&nbsp;<\/p>\n\n\n\n<p>\"Abbiamo un accordo storico \u2013 ha aggiunto il presidente della Giunta, Christian Solinas - per una misura importante, che non si era mai vista prima in Sardegna. La carenza di personale \u00e8 un problema che non risparmia nessun presidio, alcuni ospedali per\u00f2 soffrono pi\u00f9 di altri. Oggi stiamo affrontando questa criticit\u00e0 spingendo sui ribilanciamenti delle forze in campo e, in questo senso, le 'Rar' rappresentano uno strumento indispensabile per incentivare chi si render\u00e0 disponibile a prestare servizio e a dare rinforzo agli ospedali in difficolt\u00e0\". Com<\/p>\n","protected":false},"excerpt":{"rendered":"<p>Cagliari, 9 Dic 2021\u00a0\u2013 Si \u00e8 chiuso oggi l&#8217;accordo sindacale che consentir\u00e0 di destinare risorse speciali agli ospedali dell&#8217;Isola in difficolt\u00e0 per la carenza di&#8230;<\/p>\n","protected":false},"author":2,"featured_media":179499,"comment_status":"closed","ping_status":"open","sticky":false,"template":"","format":"standard","meta":[],"categories":[49,52],"tags":[],"_links":{"self":[{"href":"https:\/\/www.cronacaonline.it\/index.php\/wp-json\/wp\/v2\/posts\/215301"}],"collection":[{"href":"https:\/\/www.cronacaonline.it\/index.php\/wp-json\/wp\/v2\/posts"}],"about":[{"href":"https:\/\/www.cronacaonline.it\/index.php\/wp-json\/wp\/v2\/types\/post"}],"author":[{"embeddable":true,"href":"https:\/\/www.cronacaonline.it\/index.php\/wp-json\/wp\/v2\/users\/2"}],"replies":[{"embeddable":true,"href":"https:\/\/www.cronacaonline.it\/index.php\/wp-json\/wp\/v2\/comments?post=215301"}],"version-history":[{"count":1,"href":"https:\/\/www.cronacaonline.it\/index.php\/wp-json\/wp\/v2\/posts\/215301\/revisions"}],"predecessor-version":[{"id":215302,"href":"https:\/\/www.cronacaonline.it\/index.php\/wp-json\/wp\/v2\/posts\/215301\/revisions\/215302"}],"wp:featuredmedia":[{"embeddable":true,"href":"https:\/\/www.cronacaonline.it\/index.php\/wp-json\/wp\/v2\/media\/179499"}],"wp:attachment":[{"href":"https:\/\/www.cronacaonline.it\/index.php\/wp-json\/wp\/v2\/media?parent=215301"}],"wp:term":[{"taxonomy":"category","embeddable":true,"href":"https:\/\/www.cronacaonline.it\/index.php\/wp-json\/wp\/v2\/categories?post=215301"},{"taxonomy":"post_tag","embeddable":true,"href":"https:\/\/www.cronacaonline.it\/index.php\/wp-json\/wp\/v2\/tags?post=215301"}],"curies":[{"name":"wp","href":"https:\/\/api.w.org\/{rel}","templated":true}]}}