{"id":215297,"date":"2021-12-09T19:08:21","date_gmt":"2021-12-09T18:08:21","guid":{"rendered":"https:\/\/www.cronacaonline.it\/?p=215297"},"modified":"2021-12-09T19:08:23","modified_gmt":"2021-12-09T18:08:23","slug":"bitti-assessore-lampis-e-presidente-solinas-procedure-piu-snelle-per-il-progetto-di-mitigazione-del-rischio-idraulico-oltre-48-milioni-per-mettere-in-sicurezza-il-territorio","status":"publish","type":"post","link":"https:\/\/www.cronacaonline.it\/index.php\/2021\/12\/09\/bitti-assessore-lampis-e-presidente-solinas-procedure-piu-snelle-per-il-progetto-di-mitigazione-del-rischio-idraulico-oltre-48-milioni-per-mettere-in-sicurezza-il-territorio\/","title":{"rendered":"Bitti, Assessore Lampis e presidente Solinas: \u2018procedure pi\u00f9 snelle per il progetto di mitigazione del rischio idraulico. Oltre 48 milioni per mettere in sicurezza il territorio\u2019."},"content":{"rendered":"\n<p>Cagliari, 9 Dic 2021\u00a0\u2013 \u201cProsegue l\u2019impegno della Regione per Bitti dopo la grave calamit\u00e0 naturale dello scorso 28 novembre, che ha colpito l\u2019intera comunit\u00e0 con allagamenti, smottamenti, frane e gravi danni alle abitazioni e alle attivit\u00e0 economiche e produttive. Vogliamo accelerare nella mitigazione del dissesto idrogeologico di un territorio che ha gi\u00e0 pagato pesantemente. Gli interventi, per un totale di 48,3 milioni di euro, hanno come obiettivo il ripristino e l'adeguamento della rete dei canali e la cui funzionalit\u00e0 \u00e8 stata gravemente compromessa dall\u2019alluvione\".<\/p>\n\n\n\n<p>Lo afferma in una nota il presidente della Regione,&nbsp;Christian Solinas, dopo l\u2019approvazione della delibera che ha stabilito di non sottoporre alla procedura di Via (Valutazione di impatto ambientale) il progetto \"Interventi per la mitigazione del rischio idraulico nel comune di Bitti\", da lui presentato nelle vesti di Commissario di Governo contro il dissesto idrogeologico per la Regione Sardegna.<\/p>\n\n\n\n<p>\u201cIl Servizio valutazione impatti e incidenze ambientali dell'Assessorato ha preso visione delle istruttorie del Servizio tutela del paesaggio Sardegna Centrale, del Corpo forestale, del Servizio territoriale ispettorato ripartimentale e del Servizio del Genio civile di Nuoro, dell\u2019Agenzia regionale del Distretto idrografico della Sardegna e dell'Arpas \u2013 ha sottolineato l'assessore regionale della Difesa dell'ambiente, Gianni Lampis \u2013 e ha ritenuto di non dover sottoporre il progetto alla procedura di Via, a condizione che siano rispettate e recepite alcune prescrizioni sulle quali dovranno vigilare, per quanto di loro competenza, il Comune di Bitti, la Provincia di Nuoro, il Corpo forestale, il Genio civile e l'Arpas\u201d.<br>\u201cLa proposta progettuale consiste nella realizzazione di 20 interventi, distribuiti nel tessuto urbano, procedendo da monte verso valle. Considerata la necessit\u00e0 di realizzare i lavori il pi\u00f9 celermente possibile, dovr\u00e0 essere predisposto, di concerto con l'Amministrazione comunale, un unico piano della cantierizzazione con un cronoprogramma delle opere da realizzare, al fine di minimizzare gli impatti sull'abitato e ottimizzare il riutilizzo dei materiali provenienti dagli scavi. Inoltre, la popolazione dovr\u00e0 essere preventivamente informata e aggiornata in corso d'opera, tutte le aree di cantiere dovranno essere opportunamente individuate al fine di evitare, in fase di allestimento, il taglio o l'eliminazione di vegetazione di pregio, tutti i lavori dovranno essere eseguiti con modalit\u00e0 e precauzioni che limitino il trasporto di materiali solidi e l'intorbidimento delle acque, al fine di evitare fenomeni di inquinamento delle acque superficiali e sotterranee. Il ripristino della vegetazione dovr\u00e0 prevedere l'impianto di specie coerenti col contesto ecologico e la vegetazionale locale\u201d, ha concluso l\u2019esponente della Giunta Solinas. Com<\/p>\n","protected":false},"excerpt":{"rendered":"<p>Cagliari, 9 Dic 2021\u00a0\u2013 \u201cProsegue l\u2019impegno della Regione per Bitti dopo la grave calamit\u00e0 naturale dello scorso 28 novembre, che ha colpito l\u2019intera comunit\u00e0 con&#8230;<\/p>\n","protected":false},"author":2,"featured_media":198871,"comment_status":"closed","ping_status":"open","sticky":false,"template":"","format":"standard","meta":[],"categories":[49,52],"tags":[],"_links":{"self":[{"href":"https:\/\/www.cronacaonline.it\/index.php\/wp-json\/wp\/v2\/posts\/215297"}],"collection":[{"href":"https:\/\/www.cronacaonline.it\/index.php\/wp-json\/wp\/v2\/posts"}],"about":[{"href":"https:\/\/www.cronacaonline.it\/index.php\/wp-json\/wp\/v2\/types\/post"}],"author":[{"embeddable":true,"href":"https:\/\/www.cronacaonline.it\/index.php\/wp-json\/wp\/v2\/users\/2"}],"replies":[{"embeddable":true,"href":"https:\/\/www.cronacaonline.it\/index.php\/wp-json\/wp\/v2\/comments?post=215297"}],"version-history":[{"count":1,"href":"https:\/\/www.cronacaonline.it\/index.php\/wp-json\/wp\/v2\/posts\/215297\/revisions"}],"predecessor-version":[{"id":215300,"href":"https:\/\/www.cronacaonline.it\/index.php\/wp-json\/wp\/v2\/posts\/215297\/revisions\/215300"}],"wp:featuredmedia":[{"embeddable":true,"href":"https:\/\/www.cronacaonline.it\/index.php\/wp-json\/wp\/v2\/media\/198871"}],"wp:attachment":[{"href":"https:\/\/www.cronacaonline.it\/index.php\/wp-json\/wp\/v2\/media?parent=215297"}],"wp:term":[{"taxonomy":"category","embeddable":true,"href":"https:\/\/www.cronacaonline.it\/index.php\/wp-json\/wp\/v2\/categories?post=215297"},{"taxonomy":"post_tag","embeddable":true,"href":"https:\/\/www.cronacaonline.it\/index.php\/wp-json\/wp\/v2\/tags?post=215297"}],"curies":[{"name":"wp","href":"https:\/\/api.w.org\/{rel}","templated":true}]}}