{"id":215293,"date":"2021-12-09T18:07:38","date_gmt":"2021-12-09T17:07:38","guid":{"rendered":"https:\/\/www.cronacaonline.it\/?p=215293"},"modified":"2021-12-09T18:07:40","modified_gmt":"2021-12-09T17:07:40","slug":"covid-in-24-ore-79-decessi-e-12-527-nuovi-casi-312-828-i-tamponi-la-positivita-sale-al-4","status":"publish","type":"post","link":"https:\/\/www.cronacaonline.it\/index.php\/2021\/12\/09\/covid-in-24-ore-79-decessi-e-12-527-nuovi-casi-312-828-i-tamponi-la-positivita-sale-al-4\/","title":{"rendered":"Covid: in 24 ore 79 decessi e 12.527 nuovi casi. 312.828 i tamponi, la positivit\u00e0 sale al 4%."},"content":{"rendered":"\n<p>Roma, 9 Dic 2021 - Sono 12.527 i nuovi casi Covid nelle 24 ore in Italia,\u00a0contro i 17.959 di ieri. Pesa l'effetto post-festivo, che ha ridotto\u00a0drasticamente i tamponi: 312.828, 242mila in meno, tanto che il tasso di\u00a0positivit\u00e0 schizza al 4% (ieri era al 3,2%).<\/p>\n\n\n\n<p>I decessi sono 79 (ieri 86), per un totale di 134.551 vittime dall'inizio&nbsp;dell'epidemia.<\/p>\n\n\n\n<p>Sempre in crescita i ricoveri: le terapie intensive sono 20 in pi\u00f9 (ieri +15)&nbsp;con 69 ingressi del giorno, e salgono a 811, mentre i ricoveri ordinari sono ben&nbsp;234 in pi\u00f9 (ieri +21), 6.333 in tutto.&nbsp;\u00c8 quanto emerge dal bollettino&nbsp;quotidiano del ministero della Salute.<\/p>\n\n\n\n<p>Sono 254.553 gli attualmente positivi&nbsp;al Covid in Italia, secondo i dati del ministero della Salute,&nbsp;5.339 in pi\u00f9 nelle ultime 24 ore. Dall'inizio della pandemia i&nbsp;casi totali sono 5.164.780, i morti 134.551. I dimessi e i&nbsp;guariti sono invece 4.775.676, con un incremento di 7.098&nbsp;rispetto a ieri.&nbsp;<\/p>\n\n\n\n<p>La regione con pi\u00f9 casi odierni \u00e8 il Veneto (+1.928),&nbsp;seguita da Emilia Romagna (+1.656), Lombardia (+1.486), Lazio (+1.376) e&nbsp;Piemonte (+1.215).&nbsp;<\/p>\n","protected":false},"excerpt":{"rendered":"<p>Roma, 9 Dic 2021 &#8211; Sono 12.527 i nuovi casi Covid nelle 24 ore in Italia,\u00a0contro i 17.959 di ieri. Pesa l&#8217;effetto post-festivo, che ha&#8230;<\/p>\n","protected":false},"author":2,"featured_media":201650,"comment_status":"closed","ping_status":"open","sticky":false,"template":"","format":"standard","meta":[],"categories":[49,50],"tags":[],"_links":{"self":[{"href":"https:\/\/www.cronacaonline.it\/index.php\/wp-json\/wp\/v2\/posts\/215293"}],"collection":[{"href":"https:\/\/www.cronacaonline.it\/index.php\/wp-json\/wp\/v2\/posts"}],"about":[{"href":"https:\/\/www.cronacaonline.it\/index.php\/wp-json\/wp\/v2\/types\/post"}],"author":[{"embeddable":true,"href":"https:\/\/www.cronacaonline.it\/index.php\/wp-json\/wp\/v2\/users\/2"}],"replies":[{"embeddable":true,"href":"https:\/\/www.cronacaonline.it\/index.php\/wp-json\/wp\/v2\/comments?post=215293"}],"version-history":[{"count":1,"href":"https:\/\/www.cronacaonline.it\/index.php\/wp-json\/wp\/v2\/posts\/215293\/revisions"}],"predecessor-version":[{"id":215294,"href":"https:\/\/www.cronacaonline.it\/index.php\/wp-json\/wp\/v2\/posts\/215293\/revisions\/215294"}],"wp:featuredmedia":[{"embeddable":true,"href":"https:\/\/www.cronacaonline.it\/index.php\/wp-json\/wp\/v2\/media\/201650"}],"wp:attachment":[{"href":"https:\/\/www.cronacaonline.it\/index.php\/wp-json\/wp\/v2\/media?parent=215293"}],"wp:term":[{"taxonomy":"category","embeddable":true,"href":"https:\/\/www.cronacaonline.it\/index.php\/wp-json\/wp\/v2\/categories?post=215293"},{"taxonomy":"post_tag","embeddable":true,"href":"https:\/\/www.cronacaonline.it\/index.php\/wp-json\/wp\/v2\/tags?post=215293"}],"curies":[{"name":"wp","href":"https:\/\/api.w.org\/{rel}","templated":true}]}}