{"id":215291,"date":"2021-12-09T18:04:55","date_gmt":"2021-12-09T17:04:55","guid":{"rendered":"https:\/\/www.cronacaonline.it\/?p=215291"},"modified":"2021-12-09T18:04:57","modified_gmt":"2021-12-09T17:04:57","slug":"fondo-sviluppo-e-coesione-assessore-fasolino-e-presidente-solinas-sardegna-pronta-a-raccogliere-la-sfida","status":"publish","type":"post","link":"https:\/\/www.cronacaonline.it\/index.php\/2021\/12\/09\/fondo-sviluppo-e-coesione-assessore-fasolino-e-presidente-solinas-sardegna-pronta-a-raccogliere-la-sfida\/","title":{"rendered":"Fondo sviluppo e coesione, Assessore Fasolino e presidente Solinas: \u201cSardegna pronta a raccogliere la sfida\u201d."},"content":{"rendered":"\n<p>Cagliari, 9 Dic 2021 \u2013\u00a0\u201cIl tema del divario territoriale ha accompagnato la storia di questo Paese e continua a farlo, ma ora abbiamo davanti uno scenario diverso, per certi versi inedito, caratterizzato dalla possibilit\u00e0 di incidere in maniera positiva sullo sviluppo delle regioni fino a oggi penalizzate e soggette a spopolamento e mancato sviluppo. Come regione siamo pronti a dare corpo e anima ai progetti e ai piani di sviluppo territoriali pi\u00f9 virtuosi, per accompagnare la Sardegna e i sardi nel processo di transizione verso nuovi modelli di crescita\u201d. Lo ha detto il Presidente Christian Solinas a margine del convegno \u201cUniamo l\u2019Italia\u201d organizzato dal ministro per il Sud Mara Carfagna e finalizzato a sostenere le Regioni per programmare al meglio le risorse del Fondo di Sviluppo e Coesione, FSC, che insieme ai Fondi strutturali europei rappresenta lo strumento finanziario principale attraverso cui vengono attuate le politiche per lo sviluppo della coesione economica, sociale e territoriale e la rimozione degli squilibri economici e sociali. \u201cDobbiamo essere capaci di accrescere lo sviluppo delle nostre regioni con l\u2019obiettivo di superare i ritardi strutturali, in particolare delle Isole, la nostra in primis, gravate dal peso dell\u2019insularit\u00e0 \u2013 ha proseguito il Presidente \u2013 \u00c8 necessario rimuovere gli ostacoli che continuano ad accrescere il divario tra Nord e Sud del Paese e fondamentale in questo senso sar\u00e0 la capacit\u00e0 che dimostreremo di realizzare i progetti che da qui ai prossimi anni vedranno la luce, grazie anche alle risorse derivanti dalla programmazione comunitaria 21-27 che destina 54 miliardi al Sud, per diminuire le diseguaglianze tra le regioni e mettere in pratica politiche reali di riequilibrio territoriale. La Sardegna \u00e8 pronta\u201d.<\/p>\n\n\n\n<p>Al convegno, in collegamento video, ha partecipato l\u2019Assessore del bilancio Giuseppe Fasolino che ha messo in luce le energie positive che un buon utilizzo dei Fondi sprigioner\u00e0 per le regioni e le aree depresse, ma anche le possibili criticit\u00e0 nella spesa delle risorse, che secondo l\u2019Assessore avranno necessit\u00e0 di corsie preferenziali, iter autorizzativi e procedure snelle che consentano appunto di semplificare, oltre a una flessibilit\u00e0 che consenta di cambiare in corsa l\u2019indirizzo finanziario dei progetti per accedere, eventualmente, al Fondo di Sviluppo e Coesione. \u201cDobbiamo fare in modo che il Fondo Fsc sia complementare alle altre misure e a una strategia unica all\u2019interno delle regioni \u2013 ha spiegato l\u2019Assessore -&nbsp;&nbsp;Per fare questo \u00e8 fondamentale che si attivino procedure snelle, quindi la possibilit\u00e0 di usare gli stessi strumenti di semplificazione previsti per il Pnrr, a cui accompagnare una certa flessibilit\u00e0: se all\u2019interno della strategia regionale c\u2019\u00e8 qualche progetto strategico rimasto escluso dal Pnrr o da altre linee di finanziamento sarebbe utile poter rifinanziare in corsa con i fondi Fsc\u201d.<\/p>\n\n\n\n<p>L\u2019esponente della Giunta Sarda ha tracciato la linea d\u2019azione della Sardegna con un focus sui principali tematismi affrontati nella strategia regionale: \u201cLa compensazione dei divari territoriali per noi non pu\u00f2 che passare per i progetti legati all\u2019insularit\u00e0. Strade, ferrovie, ospedali o finanziamenti alle imprese per aiutarle e sostenerle nel processo verso le grandi transizioni energetica e della digitalizzazione risultano temi fondamentali, ma per far s\u00ec che diventino vincenti per lo sviluppo della Sardegna \u00e8 necessario che ai progetti si accompagni la flessibilit\u00e0 e l\u2019opportunit\u00e0 di usare anche per il Fsc le stesse procedure di semplificazione previste per il Pnrr\u201d.<\/p>\n\n\n\n<p>Il Fondo di sviluppo e coesione 2021-2027 ammonta per l'Italia a 73 miliardi, cui si aggiungono i 222 miliardi del Pnrr e del Fondo complementare e 81 miliardi della programmazione comunitaria, di cui 54 per il Sud. A queste risorse, come ha spiegato il ministro dell\u2019economia Daniele Franco nel corso dell\u2019incontro, si aggiungono i fondi di durata quindicinale delle leggi di bilancio (170 miliardi nelle leggi 2017-2021 a cui sommare i 71 miliardi al 2036 stanziati nell'ultima manovra). Com<\/p>\n","protected":false},"excerpt":{"rendered":"<p>Cagliari, 9 Dic 2021 \u2013\u00a0\u201cIl tema del divario territoriale ha accompagnato la storia di questo Paese e continua a farlo, ma ora abbiamo davanti uno&#8230;<\/p>\n","protected":false},"author":2,"featured_media":209128,"comment_status":"closed","ping_status":"open","sticky":false,"template":"","format":"standard","meta":[],"categories":[49,52],"tags":[],"_links":{"self":[{"href":"https:\/\/www.cronacaonline.it\/index.php\/wp-json\/wp\/v2\/posts\/215291"}],"collection":[{"href":"https:\/\/www.cronacaonline.it\/index.php\/wp-json\/wp\/v2\/posts"}],"about":[{"href":"https:\/\/www.cronacaonline.it\/index.php\/wp-json\/wp\/v2\/types\/post"}],"author":[{"embeddable":true,"href":"https:\/\/www.cronacaonline.it\/index.php\/wp-json\/wp\/v2\/users\/2"}],"replies":[{"embeddable":true,"href":"https:\/\/www.cronacaonline.it\/index.php\/wp-json\/wp\/v2\/comments?post=215291"}],"version-history":[{"count":1,"href":"https:\/\/www.cronacaonline.it\/index.php\/wp-json\/wp\/v2\/posts\/215291\/revisions"}],"predecessor-version":[{"id":215292,"href":"https:\/\/www.cronacaonline.it\/index.php\/wp-json\/wp\/v2\/posts\/215291\/revisions\/215292"}],"wp:featuredmedia":[{"embeddable":true,"href":"https:\/\/www.cronacaonline.it\/index.php\/wp-json\/wp\/v2\/media\/209128"}],"wp:attachment":[{"href":"https:\/\/www.cronacaonline.it\/index.php\/wp-json\/wp\/v2\/media?parent=215291"}],"wp:term":[{"taxonomy":"category","embeddable":true,"href":"https:\/\/www.cronacaonline.it\/index.php\/wp-json\/wp\/v2\/categories?post=215291"},{"taxonomy":"post_tag","embeddable":true,"href":"https:\/\/www.cronacaonline.it\/index.php\/wp-json\/wp\/v2\/tags?post=215291"}],"curies":[{"name":"wp","href":"https:\/\/api.w.org\/{rel}","templated":true}]}}