{"id":215281,"date":"2021-12-09T13:49:41","date_gmt":"2021-12-09T12:49:41","guid":{"rendered":"https:\/\/www.cronacaonline.it\/?p=215281"},"modified":"2021-12-09T13:49:43","modified_gmt":"2021-12-09T12:49:43","slug":"via-vesalio-inaugurato-questa-mattina-dal-sindaco-truzzu-un-nuovo-giardinetto-attrezzato","status":"publish","type":"post","link":"https:\/\/www.cronacaonline.it\/index.php\/2021\/12\/09\/via-vesalio-inaugurato-questa-mattina-dal-sindaco-truzzu-un-nuovo-giardinetto-attrezzato\/","title":{"rendered":"Via Vesalio: inaugurato questa mattina dal Sindaco Truzzu un nuovo giardinetto attrezzato."},"content":{"rendered":"\n<p>Cagliari, 9 Dic 2021 - \u201cUn nuovo giardino pubblico, dotato di parcheggio, area cani e spazi per ritrovarsi dedicati ai cittadini in via Vesalio\u201d. Lo hanno inaugurato questa mattina di gioved\u00ec 9 dicembre 2021 il sindaco di Cagliari, Paolo Truzzu, il suo vice, Giorgio Angius, e la presidente della Municipalit\u00e0 di Pirri, Maria Laura Manca.<\/p>\n\n\n\n<p>Il primo cittadino nel suo discorso inaugurale, ha anche voluto ringraziare il Servizio Verde pubblico e l'impresa esecutrice dei lavori. \u201cQuesto spazio verde attrezzato - ha rimarcato \u2013 risponde alle richieste e proposte dei residenti\u201d.<\/p>\n\n\n\n<p>L'intervento si inserisce nel piano \u201cManutenzione su aree verdi degradate in citt\u00e0\u201d. Precedentemente incolta e utilizzata come parcheggio, trasformata in nuovo spazio verde, i lavori aggiudicati a marzo e iniziati lo scorso aprile 2021, sono costati circa 122mila euro, compresa la manutenzione per i prossimi 12 mesi.<\/p>\n\n\n\n<p>Delimitata da una recinzione metallica che presto sar\u00e0 completamente foderata da specie vegetali, \u201cl'area verde di via Vesalio, prima completamente degradata, si estende su una superficie di 540 metri quadrati distribuiti in tre diverse zone\u201d. Nella prima, l'area verde e relax (circa 200 metri quadrati), con prato rustico, trovano spazio 2 panchine, 1 fontanella e 1 cestino rifiuti multi-vano per la raccolta differenziata, ma anche piante aromatiche ed essenze (elicriso, santolina, lavanda selvatica, rosmarino, mirto, ginepro strisciante, corbezzolo), 1 albero di Giuda, 2 jacarande, oltre ad esemplari di lantana, gaura, lentisco, fillirea, ligustro e gelsomino, che abbelliscono esteticamente la rete perimetrale. Nella seconda, l'area cani (circa 100 metri quadrati), sono presenti 1 fontanella, 1 dispenser di sacchetti, con cestino per le deiezioni animali e 2 panchine. Nella terza, il parcheggio, con 12 stalli: 1 riservato alle persone diversamente abili, 6 per autovetture e 5 per motocicli.<\/p>\n\n\n\n<p>\u201cUn servizio servizio in pi\u00f9 per i cittadini \u2013 ha concluso Angius - che non pretende di risolvere i problemi della citt\u00e0, ma che migliorer\u00e0 la qualit\u00e0 della vita di chi ci abita\u201d.<\/p>\n\n\n\n<p>L'impianto irrigazione interrato a goccia ad alto risparmio energetico e anti-vandalismo, collegato ad una cisterna interrata sotto l\u2019area cani di 5mila litri alimentata dalla rete idrica cittadina e capace di intercettare le acque meteoriche dell'area parcheggio. L\u2019impianto ad alta tecnologia, consente inoltre il monitoraggio di flussi idrici irregolari e un conseguente pronto intervento in caso di malfunzionamenti, nonch\u00e9 di regolare automaticamente l\u2019irrigazione in base alla sua umidit\u00e0.<\/p>\n\n\n\n<p>A completare l'opera, l'illuminazione led, con fotovoltaico integrato.<\/p>\n\n\n\n<p>Insomma, la nuova area verde di via Vesalio \u00e8 un vero e proprio modello di efficienza e risparmio delle risorse, dove tutto \u00e8 stato studiato tenendo bene presenti i principi della sostenibilit\u00e0 ambientale.<\/p>\n\n\n\n<p>Piena la soddisfazione di Maria Laura Manca. \u201cI lavori sono stati realizzati in tempi molto rapidi, dando seguito alle proposte delle commissioni consiliari competenti e alle richieste dei residenti del quartiere, tanti anziani. L'area era degradata e spesso teatro di episodi di incivilt\u00e0\u201d, ha spiegato la presidente del Consiglio della Municipalit\u00e0 di Pirri.<\/p>\n\n\n\n<p>Al taglio del nastro di stamani, anche i consiglieri Stefania Loi, Enrica Anedda Endrich, Raffaele Onnis,&nbsp;Roberto Mura e Alessandro Fadda.&nbsp;Presenti il dirigente comunale Claudio Papoff e il geometra Cesare Frigau, con alcuni giardinieri del Servizio Verde pubblico e dell'impresa appaltatrice dei lavori.<\/p>\n","protected":false},"excerpt":{"rendered":"<p>Cagliari, 9 Dic 2021 &#8211; \u201cUn nuovo giardino pubblico, dotato di parcheggio, area cani e spazi per ritrovarsi dedicati ai cittadini in via Vesalio\u201d. Lo&#8230;<\/p>\n","protected":false},"author":2,"featured_media":203443,"comment_status":"closed","ping_status":"open","sticky":false,"template":"","format":"standard","meta":[],"categories":[49,52],"tags":[],"_links":{"self":[{"href":"https:\/\/www.cronacaonline.it\/index.php\/wp-json\/wp\/v2\/posts\/215281"}],"collection":[{"href":"https:\/\/www.cronacaonline.it\/index.php\/wp-json\/wp\/v2\/posts"}],"about":[{"href":"https:\/\/www.cronacaonline.it\/index.php\/wp-json\/wp\/v2\/types\/post"}],"author":[{"embeddable":true,"href":"https:\/\/www.cronacaonline.it\/index.php\/wp-json\/wp\/v2\/users\/2"}],"replies":[{"embeddable":true,"href":"https:\/\/www.cronacaonline.it\/index.php\/wp-json\/wp\/v2\/comments?post=215281"}],"version-history":[{"count":1,"href":"https:\/\/www.cronacaonline.it\/index.php\/wp-json\/wp\/v2\/posts\/215281\/revisions"}],"predecessor-version":[{"id":215282,"href":"https:\/\/www.cronacaonline.it\/index.php\/wp-json\/wp\/v2\/posts\/215281\/revisions\/215282"}],"wp:featuredmedia":[{"embeddable":true,"href":"https:\/\/www.cronacaonline.it\/index.php\/wp-json\/wp\/v2\/media\/203443"}],"wp:attachment":[{"href":"https:\/\/www.cronacaonline.it\/index.php\/wp-json\/wp\/v2\/media?parent=215281"}],"wp:term":[{"taxonomy":"category","embeddable":true,"href":"https:\/\/www.cronacaonline.it\/index.php\/wp-json\/wp\/v2\/categories?post=215281"},{"taxonomy":"post_tag","embeddable":true,"href":"https:\/\/www.cronacaonline.it\/index.php\/wp-json\/wp\/v2\/tags?post=215281"}],"curies":[{"name":"wp","href":"https:\/\/api.w.org\/{rel}","templated":true}]}}