{"id":215276,"date":"2021-12-09T13:08:42","date_gmt":"2021-12-09T12:08:42","guid":{"rendered":"https:\/\/www.cronacaonline.it\/?p=215276"},"modified":"2021-12-09T13:08:44","modified_gmt":"2021-12-09T12:08:44","slug":"sostenibilita-ambientale-assessore-lampis-affermare-modello-produttivo-che-coniughi-la-tradizione-contadina-italiana-con-le-sfide-della-modernita","status":"publish","type":"post","link":"https:\/\/www.cronacaonline.it\/index.php\/2021\/12\/09\/sostenibilita-ambientale-assessore-lampis-affermare-modello-produttivo-che-coniughi-la-tradizione-contadina-italiana-con-le-sfide-della-modernita\/","title":{"rendered":"Sostenibilit\u00e0 ambientale, assessore Lampis: \u201caffermare modello produttivo che coniughi la tradizione contadina italiana con le sfide della modernit\u00e0\u2019."},"content":{"rendered":"\n<p>Roma, 9 Dic 2021 \u2013\u00a0\u201cAttualmente, l\u2019ambiente, la sua tutela, ma soprattutto la sua valorizzazione, rappresentano un segmento rilevante e imprescindibile di una nuova politica agricola comune. L\u2019Italia pu\u00f2 affermare un modello produttivo che sappia coniugare le migliori esperienze della tradizione contadina italiana\u00a0con le sfide della modernit\u00e0, dove la sostenibilit\u00e0 ambientale deve andare di pari passo con quella economica e sociale\u201d.\u00a0Lo ha detto l\u2019assessore regionale della Difesa dell\u2019ambiente, Gianni Lampis, intervenuto, nel ruolo di coordinatore della Commissione Ambiente della Conferenza delle Regioni, durante l\u2019incontro \u201cArchitettura verde e la nuova\u00a0Politica agricola comune\u201d, svoltosi questa mattina\u00a0nella tenuta presidenziale di Castelporziano, alla presenza di Stefano Patuanelli, ministro delle Politiche agricole alimentari, Roberto Cingolani, ministro della Transizione ecologica, e Andrea Orlando, ministro del lavoro e delle politiche sociali. Hanno partecipato anche i rappresentanti delle Commissioni parlamentari, delle Regioni, di Ismea, Crea, Agea, delle associazioni di settore e di quelle ambientaliste.<\/p>\n\n\n\n<p>\u201cL\u2019imprenditoria agricola \u2013 ha aggiunto l\u2019assessore Lampis \u2013 \u00e8 un esempio di come l\u2019uomo e le sue attivit\u00e0 siano presidio per una vera tutela del patrimonio ambientale e paesaggistico. E l\u2019imprenditore agricolo, quindi, il primo attore della transizione&nbsp;ecologica, non come errata concezione di una tutela ambientale sinonimo di musealizzazione&nbsp;del territorio,&nbsp;ma come un nuovo modello di ecologia&nbsp;produttiva, dove biodiversit\u00e0, forestazione, consumo del suolo, sicurezza dell\u2019agro siano protagonisti della&nbsp;sostenibilit\u00e0 ambientale\u201d.<\/p>\n\n\n\n<p>\u201cAnche la Sardegna, in questi mesi, ha moltiplicato gli sforzi per concretizzare percorsi partecipati&nbsp;e condivisi con istituzioni locali&nbsp;e portatori di interesse, con l\u2019obiettivo di approvare strumenti di pianificazione, come la Strategia regionale sullo Sviluppo sostenibile unitamente a quelle di Adattamento ai Cambiamenti climatici.&nbsp;E\u2019 importante confrontarsi sulle prospettive di sviluppo garantite dai finanziamenti europei al mondo dell\u2019ambiente e dell'agricoltura e sui percorsi per superare le eventuali criticit\u00e0 nella strada verso la sostenibilit\u00e0 ambientale, sociale ed economica.&nbsp;Percorrere strade comuni e ricercare soluzioni di sintesi e di equilibrio \u00e8 l\u2019impegno solenne che accomuna le Istituzioni per consentire al \u2018Sistema Paese\u2019 di essere orgogliosamente forte con le sue innumerevoli specificit\u00e0\u201d, ha concluso l\u2019esponente della Giunta Sarda. Com<\/p>\n","protected":false},"excerpt":{"rendered":"<p>Roma, 9 Dic 2021 \u2013\u00a0\u201cAttualmente, l\u2019ambiente, la sua tutela, ma soprattutto la sua valorizzazione, rappresentano un segmento rilevante e imprescindibile di una nuova politica agricola&#8230;<\/p>\n","protected":false},"author":2,"featured_media":201497,"comment_status":"closed","ping_status":"open","sticky":false,"template":"","format":"standard","meta":[],"categories":[49,52],"tags":[],"_links":{"self":[{"href":"https:\/\/www.cronacaonline.it\/index.php\/wp-json\/wp\/v2\/posts\/215276"}],"collection":[{"href":"https:\/\/www.cronacaonline.it\/index.php\/wp-json\/wp\/v2\/posts"}],"about":[{"href":"https:\/\/www.cronacaonline.it\/index.php\/wp-json\/wp\/v2\/types\/post"}],"author":[{"embeddable":true,"href":"https:\/\/www.cronacaonline.it\/index.php\/wp-json\/wp\/v2\/users\/2"}],"replies":[{"embeddable":true,"href":"https:\/\/www.cronacaonline.it\/index.php\/wp-json\/wp\/v2\/comments?post=215276"}],"version-history":[{"count":1,"href":"https:\/\/www.cronacaonline.it\/index.php\/wp-json\/wp\/v2\/posts\/215276\/revisions"}],"predecessor-version":[{"id":215277,"href":"https:\/\/www.cronacaonline.it\/index.php\/wp-json\/wp\/v2\/posts\/215276\/revisions\/215277"}],"wp:featuredmedia":[{"embeddable":true,"href":"https:\/\/www.cronacaonline.it\/index.php\/wp-json\/wp\/v2\/media\/201497"}],"wp:attachment":[{"href":"https:\/\/www.cronacaonline.it\/index.php\/wp-json\/wp\/v2\/media?parent=215276"}],"wp:term":[{"taxonomy":"category","embeddable":true,"href":"https:\/\/www.cronacaonline.it\/index.php\/wp-json\/wp\/v2\/categories?post=215276"},{"taxonomy":"post_tag","embeddable":true,"href":"https:\/\/www.cronacaonline.it\/index.php\/wp-json\/wp\/v2\/tags?post=215276"}],"curies":[{"name":"wp","href":"https:\/\/api.w.org\/{rel}","templated":true}]}}