{"id":215265,"date":"2021-12-09T11:26:44","date_gmt":"2021-12-09T10:26:44","guid":{"rendered":"https:\/\/www.cronacaonline.it\/?p=215265"},"modified":"2021-12-09T11:26:46","modified_gmt":"2021-12-09T10:26:46","slug":"omicron-la-variante-e-diffusa-in-57-paesi-polmoniti-piu-rapide-ma-vaccini-efficaci","status":"publish","type":"post","link":"https:\/\/www.cronacaonline.it\/index.php\/2021\/12\/09\/omicron-la-variante-e-diffusa-in-57-paesi-polmoniti-piu-rapide-ma-vaccini-efficaci\/","title":{"rendered":"Omicron, la variante \u00e8 diffusa in 57 paesi, &#8220;polmoniti pi\u00f9 rapide ma vaccini efficaci&#8221;."},"content":{"rendered":"\n<p>Cagliari, 9 Dic 2021 - Le autorit\u00e0 sanitarie dell'intero pianeta continuano ad osservare con la massima attenzione il propagarsi della variante Omicron nei cinque continenti mentre la pandemia fa registrare oggi un totale di quasi 268 milioni di contagi (di cui quasi 16 negli ultimi 28 giorni) dei quali 5.279.358 rivelatisi letali. Negli ultimi 28 giorni le vittime del Covid a livello globale, stando ai dati del database della Johns Hopkins University, sono state ben 205.532, agghiacciante conferma che, nonostante i quasi 8 miliardi e 300 milioni di dosi di vaccino somministrate, la malattia colpisce ancora duramente. Attualmente, ha reso noto l'Oms, il nuovo ceppo scoperto in Sudafrica \u00e8 segnalato in 57 Paesi e in Europa si censiscono 337 casi accertati. L'Istituto superiore di sanit\u00e0 del nostro Paese ne conferma 13, mentre \u00e8 in corso il sequenziamento di altri quattro contagi sospetti.<\/p>\n\n\n\n<p>Intanto, l'autorevole virologo russo Alexander Semyonov, direttore dell'Istituto di ricerca sulle infezioni virali di Ekaterinburg, intervistato da Izvestia, ha reso noti i risultati di uno studio nel quale si evidenzia che Omicron pu\u00f2 causare polmonite 2-3 volte pi\u00f9 velocemente dei ceppi di coronavirus precedentemente noti. \"Ci\u00f2 che non va bene del ceppo Omicron \u00e8 che, proprio come Delta, ha pi\u00f9 tropismo, il che significa che \u00e8 in grado di interagire con l'epitelio alveolare dei polmoni, il tratto respiratorio inferiore. Ecco perch\u00e9 Omicron scende nei polmoni pi\u00f9 velocemente, causando la polmonite. Si tratta di un dato molto allarmante. Con l'infezione da 'vecchio' coronavirus un individuo aveva fino a 10-11 giorni di tempo dal momento dell'infezione allo sviluppo della polmonite\".<\/p>\n\n\n\n<p>La buona notizia \u00e8 per\u00f2 che, a detta di Semyonov, la diffusione del ceppo non avr\u00e0 un forte impatto sull'efficacia dei vaccini. \"E' possibile che sia leggermente inferiore, ma non in modo critico. Non ci sono ancora dati precisi, solo preliminari. Secondo alcuni dati, l'efficacia diminuisce, ma non pi\u00f9 del 40%. Secondo altri dati, diminuisce ancora di meno\". Si tratta di un'indicazione che ieri \u00e8 stata data anche dall'Oms per bocca del suo responsabile per le emergenze, Michael Ryan, secondo il quale \"Non ci sono indicazioni che facciano dubitare che i vaccini attuali proteggano contro Omicron\". Inoltre, \"non c'\u00e8 nessuna indicazione nemmeno che questa variante causi forme pi\u00f9 gravi di Covid-19\".&nbsp; Da parte sua, il direttore generale dell'Oms, Tedros Adhanom Ghebreyesus ha affermato che, stando ai dati preliminari, Omicron \u00e8 s\u00ec pi\u00f9 contagiosa di Delta anche nei confronti di chi ha gi\u00e0 contratto il virus o di chi \u00e8 vaccinato, ma potrebbe anche causare malattie \"molto pi\u00f9 lievi\".&nbsp;<\/p>\n","protected":false},"excerpt":{"rendered":"<p>Cagliari, 9 Dic 2021 &#8211; Le autorit\u00e0 sanitarie dell&#8217;intero pianeta continuano ad osservare con la massima attenzione il propagarsi della variante Omicron nei cinque continenti&#8230;<\/p>\n","protected":false},"author":2,"featured_media":214995,"comment_status":"closed","ping_status":"open","sticky":false,"template":"","format":"standard","meta":[],"categories":[49,50],"tags":[],"_links":{"self":[{"href":"https:\/\/www.cronacaonline.it\/index.php\/wp-json\/wp\/v2\/posts\/215265"}],"collection":[{"href":"https:\/\/www.cronacaonline.it\/index.php\/wp-json\/wp\/v2\/posts"}],"about":[{"href":"https:\/\/www.cronacaonline.it\/index.php\/wp-json\/wp\/v2\/types\/post"}],"author":[{"embeddable":true,"href":"https:\/\/www.cronacaonline.it\/index.php\/wp-json\/wp\/v2\/users\/2"}],"replies":[{"embeddable":true,"href":"https:\/\/www.cronacaonline.it\/index.php\/wp-json\/wp\/v2\/comments?post=215265"}],"version-history":[{"count":1,"href":"https:\/\/www.cronacaonline.it\/index.php\/wp-json\/wp\/v2\/posts\/215265\/revisions"}],"predecessor-version":[{"id":215266,"href":"https:\/\/www.cronacaonline.it\/index.php\/wp-json\/wp\/v2\/posts\/215265\/revisions\/215266"}],"wp:featuredmedia":[{"embeddable":true,"href":"https:\/\/www.cronacaonline.it\/index.php\/wp-json\/wp\/v2\/media\/214995"}],"wp:attachment":[{"href":"https:\/\/www.cronacaonline.it\/index.php\/wp-json\/wp\/v2\/media?parent=215265"}],"wp:term":[{"taxonomy":"category","embeddable":true,"href":"https:\/\/www.cronacaonline.it\/index.php\/wp-json\/wp\/v2\/categories?post=215265"},{"taxonomy":"post_tag","embeddable":true,"href":"https:\/\/www.cronacaonline.it\/index.php\/wp-json\/wp\/v2\/tags?post=215265"}],"curies":[{"name":"wp","href":"https:\/\/api.w.org\/{rel}","templated":true}]}}