{"id":215242,"date":"2021-12-08T16:09:50","date_gmt":"2021-12-08T15:09:50","guid":{"rendered":"https:\/\/www.cronacaonline.it\/?p=215242"},"modified":"2021-12-08T16:09:52","modified_gmt":"2021-12-08T15:09:52","slug":"patrick-zaki-e-libero-dopo-il-rilascio-a-mansura-le-prime-parole-sono-in-italiano-tutto-bene","status":"publish","type":"post","link":"https:\/\/www.cronacaonline.it\/index.php\/2021\/12\/08\/patrick-zaki-e-libero-dopo-il-rilascio-a-mansura-le-prime-parole-sono-in-italiano-tutto-bene\/","title":{"rendered":"Patrick Zaki \u00e8 libero. Dopo il rilascio a Mansura le prime parole sono in italiano: &#8220;Tutto bene&#8221;."},"content":{"rendered":"\n<p>Cagliari, 8 Dic 2021 - Patrick Zaki \u00e8 libero. E' stato scarcerato da un commissariato di Mansura. Una Ong egiziana aveva annunciato in mattinata che il giovane studente era stato portato alla stazione di polizia di Mansura \"per completare le procedure di rilascio\"\u00a0ha scritto in un tweet l'Eipr, l'Ong egiziana per la quale Patrick lavorava come ricercatore.\u00a0Appena uscito dal commissariato Patrick Zaki ha abbracciato la sorella.<\/p>\n\n\n\n<p>Lo studente egiziano dell'universit\u00e0 di Bologna, arrestato il 7 febbraio del 2020,&nbsp;\u00e8 stato scarcerato anche se non \u00e8 stato assolto dalle accuse. La nuova udienza \u00e8 fissata per il 1 febbraio. \"Vi siamo molto grati per tutto quello che avete fatto\" dice il padre George ai due diplomatici italiani a Mansura, dopo la notizia. Soddisfazione \u00e8 stata espressa dal premier Draghi, ha fatto sapere Palazzo Chigi, aggiungendo che la vicenda \u00e8 stata e sar\u00e0 seguita con la massima attenzione da parte del governo italiano.<\/p>\n\n\n\n<p>Aspettavamo di vedere quell'abbraccio da 22 mesi e quell'abbraccio arriva dall'Italia, da tutte le persone, tutti i gruppi e gli enti locali, l'universit\u00e0, i parlamentari che hanno fatto s\u00ec che quell'abbraccio arrivasse\". Cos\u00ec Riccardo Noury, portavoce di Amnesty International Italia commenta la notizia. \"Un abbraccio - dice Noury - soprattutto ai mezzi di informazione che hanno tenuto alta l'attenzione per questi 22 mesi. Ora che abbiamo visto quell'abbraccio aspettiamo che questa libert\u00e0 non sia provvisoria ma sia permanente. E con questo auspicio arriveremo al primo febbraio, udienza prossima\".<\/p>\n\n\n\n<p>Giulio Regeni torna ad abbracciare Patrick Zaki, in una rielaborazione dell'iconica opera della Street Artist Laika, sullo stesso muro in cui era apparsa la prima volta nel 2020. Nella notte tra il 7 e l'8 dicembre, infatti, l'artista \u00e8 tornata a Villa Ada, a Roma, nei pressi dell'ingresso dell'ambasciata d'Egitto per affiggere un nuovo poster con gli stessi protagonisti. Zaki per\u00f2 questa volta non indossa pi\u00f9 la divisa da carcerato ma \u00e8 sempre protetto dall'abbraccio di Giulio Regeni che gli dice: \"Ci siamo quasi\", e lo studente gli chiede di stringerlo ancora. Davanti ai due, poi, viene raffigurata ingiallo la parola araba \"innocente\". \"Patrick \u00e8 uscito dal carcere in cui era rinchiuso dal febbraio 2020. Non \u00e8 ancora formalmente libero ma \u00e8 sicuramente un passo avanti importantissimo - ha dichiarato Laika - Adesso dobbiamo tenere l'attenzione ancora pi\u00f9 alta. Zaki deve essere scagionato da tutte le accuse e tornare definitivamente libero. Non abbassiamo la guardia. Ci siamo quasi\".<\/p>\n","protected":false},"excerpt":{"rendered":"<p>Cagliari, 8 Dic 2021 &#8211; Patrick Zaki \u00e8 libero. E&#8217; stato scarcerato da un commissariato di Mansura. Una Ong egiziana aveva annunciato in mattinata che&#8230;<\/p>\n","protected":false},"author":2,"featured_media":215243,"comment_status":"closed","ping_status":"open","sticky":false,"template":"","format":"standard","meta":[],"categories":[49,50],"tags":[],"_links":{"self":[{"href":"https:\/\/www.cronacaonline.it\/index.php\/wp-json\/wp\/v2\/posts\/215242"}],"collection":[{"href":"https:\/\/www.cronacaonline.it\/index.php\/wp-json\/wp\/v2\/posts"}],"about":[{"href":"https:\/\/www.cronacaonline.it\/index.php\/wp-json\/wp\/v2\/types\/post"}],"author":[{"embeddable":true,"href":"https:\/\/www.cronacaonline.it\/index.php\/wp-json\/wp\/v2\/users\/2"}],"replies":[{"embeddable":true,"href":"https:\/\/www.cronacaonline.it\/index.php\/wp-json\/wp\/v2\/comments?post=215242"}],"version-history":[{"count":1,"href":"https:\/\/www.cronacaonline.it\/index.php\/wp-json\/wp\/v2\/posts\/215242\/revisions"}],"predecessor-version":[{"id":215244,"href":"https:\/\/www.cronacaonline.it\/index.php\/wp-json\/wp\/v2\/posts\/215242\/revisions\/215244"}],"wp:featuredmedia":[{"embeddable":true,"href":"https:\/\/www.cronacaonline.it\/index.php\/wp-json\/wp\/v2\/media\/215243"}],"wp:attachment":[{"href":"https:\/\/www.cronacaonline.it\/index.php\/wp-json\/wp\/v2\/media?parent=215242"}],"wp:term":[{"taxonomy":"category","embeddable":true,"href":"https:\/\/www.cronacaonline.it\/index.php\/wp-json\/wp\/v2\/categories?post=215242"},{"taxonomy":"post_tag","embeddable":true,"href":"https:\/\/www.cronacaonline.it\/index.php\/wp-json\/wp\/v2\/tags?post=215242"}],"curies":[{"name":"wp","href":"https:\/\/api.w.org\/{rel}","templated":true}]}}