{"id":215175,"date":"2021-12-06T17:35:39","date_gmt":"2021-12-06T16:35:39","guid":{"rendered":"https:\/\/www.cronacaonline.it\/?p=215175"},"modified":"2021-12-06T17:35:41","modified_gmt":"2021-12-06T16:35:41","slug":"coronavirus-in-italia-tra-ieri-e-oggi-sono-stati-rilevati-9-503-nuovi-casi-e-92-morti-tasso-di-positivita-al-31","status":"publish","type":"post","link":"https:\/\/www.cronacaonline.it\/index.php\/2021\/12\/06\/coronavirus-in-italia-tra-ieri-e-oggi-sono-stati-rilevati-9-503-nuovi-casi-e-92-morti-tasso-di-positivita-al-31\/","title":{"rendered":"Coronavirus. In Italia tra ieri e oggi sono stati rilevati 9.503 nuovi casi e 92 morti. Tasso di positivit\u00e0 al 3,1%."},"content":{"rendered":"\n<p>Roma, 6 Dic 2021 - Secondo l'aggiornamento odierno (6 dicembre 2021) dei dati del ministero della Salute sull'andamento della pandemia in Italia, nelle ultime 24 ore si sono registrati 9.503 nuovi casi, a fronte di 301.560 tamponi effettuati. 92 i decessi.<\/p>\n\n\n\n<p>Ieri i casi erano stati 15.021 con 43 decessi e 525.108 tamponi. Il tasso di positivit\u00e0 (rapporto tra nuovi casi e tamponi eseguiti) sale al 3.1%, contro il precedente 2.9%.<\/p>\n\n\n\n<p>Il totale degli ospedalizzati in Italia \u00e8 di 6.622 pazienti, con un aumento di 289 casi rispetto a ieri. Di questi, in terapia intensiva sono 743, con un aumento di 7 unit\u00e0. In isolamento domiciliare si trovano 229.213 persone, 3.546 in pi\u00f9 nelle ultime 24 ore. Tra dimessi e guariti si contano 4.748.454 persone, in aumento di 5.567 unit\u00e0.<\/p>\n\n\n\n<p>Il totale degli attualmente positivi in Italia \u00e8 di 235.835 casi, cio\u00e8 3.835 in pi\u00f9 rispetto all'ultimo rilevamento. I deceduti sono 92 nelle ultime 24 ore per un totale di 134.287 vittime del Covid-19 dall'inizio della pandemia in Italia. I casi totali sono 5.118.576 (+9.503). I tamponi nelle ultime 24 ore sono stati 301.560, cio\u00e8 223.548 in meno rispetto al giorno precedente.<\/p>\n\n\n\n<p>Le regioni che hanno registrato il maggior numero di nuovi casi giornalieri sono Veneto (+1.709), Emilia-Romagna (+1.396), Lazio (+1.006), Lombardia (+1.005).<\/p>\n\n\n\n<p>I contagi giornalieri nelle altre regioni:&nbsp;Campania (+783), Piemonte (+776), Toscana (+544), Sicilia (+505), Friuli Venezia Giulia (+388), Liguria (+247), Calabria (+224), P.A. Bolzano (+220), Puglia (+187), Marche (+149), Abruzzo (+89), Umbria (+82), Sardegna (+80), P.A. Trento (+73), Valle d'Aosta (+35), Basilicata (+4), Molise (+1).<\/p>\n","protected":false},"excerpt":{"rendered":"<p>Roma, 6 Dic 2021 &#8211; Secondo l&#8217;aggiornamento odierno (6 dicembre 2021) dei dati del ministero della Salute sull&#8217;andamento della pandemia in Italia, nelle ultime 24&#8230;<\/p>\n","protected":false},"author":2,"featured_media":211209,"comment_status":"closed","ping_status":"open","sticky":false,"template":"","format":"standard","meta":[],"categories":[49,50],"tags":[],"_links":{"self":[{"href":"https:\/\/www.cronacaonline.it\/index.php\/wp-json\/wp\/v2\/posts\/215175"}],"collection":[{"href":"https:\/\/www.cronacaonline.it\/index.php\/wp-json\/wp\/v2\/posts"}],"about":[{"href":"https:\/\/www.cronacaonline.it\/index.php\/wp-json\/wp\/v2\/types\/post"}],"author":[{"embeddable":true,"href":"https:\/\/www.cronacaonline.it\/index.php\/wp-json\/wp\/v2\/users\/2"}],"replies":[{"embeddable":true,"href":"https:\/\/www.cronacaonline.it\/index.php\/wp-json\/wp\/v2\/comments?post=215175"}],"version-history":[{"count":1,"href":"https:\/\/www.cronacaonline.it\/index.php\/wp-json\/wp\/v2\/posts\/215175\/revisions"}],"predecessor-version":[{"id":215176,"href":"https:\/\/www.cronacaonline.it\/index.php\/wp-json\/wp\/v2\/posts\/215175\/revisions\/215176"}],"wp:featuredmedia":[{"embeddable":true,"href":"https:\/\/www.cronacaonline.it\/index.php\/wp-json\/wp\/v2\/media\/211209"}],"wp:attachment":[{"href":"https:\/\/www.cronacaonline.it\/index.php\/wp-json\/wp\/v2\/media?parent=215175"}],"wp:term":[{"taxonomy":"category","embeddable":true,"href":"https:\/\/www.cronacaonline.it\/index.php\/wp-json\/wp\/v2\/categories?post=215175"},{"taxonomy":"post_tag","embeddable":true,"href":"https:\/\/www.cronacaonline.it\/index.php\/wp-json\/wp\/v2\/tags?post=215175"}],"curies":[{"name":"wp","href":"https:\/\/api.w.org\/{rel}","templated":true}]}}