{"id":215163,"date":"2021-12-06T14:21:26","date_gmt":"2021-12-06T13:21:26","guid":{"rendered":"https:\/\/www.cronacaonline.it\/?p=215163"},"modified":"2021-12-06T14:21:49","modified_gmt":"2021-12-06T13:21:49","slug":"campagna-anti-covid-vaccinazioni-in-aumento-nellisola-assessore-nieddu-e-solinas-segnale-positivo-stiamo-rafforzando-le-nostre-difese-contro-il-virus","status":"publish","type":"post","link":"https:\/\/www.cronacaonline.it\/index.php\/2021\/12\/06\/campagna-anti-covid-vaccinazioni-in-aumento-nellisola-assessore-nieddu-e-solinas-segnale-positivo-stiamo-rafforzando-le-nostre-difese-contro-il-virus\/","title":{"rendered":"Campagna anti-Covid, vaccinazioni in aumento nell\u2019isola. Assessore Nieddu e Solinas: \u201csegnale positivo, stiamo rafforzando le nostre difese contro il virus\u201d."},"content":{"rendered":"\n<p>Cagliari, 6 Dic 2021\u00a0\u2013 In Sardegna prosegue la corsa alle vaccinazioni anti-Covid. In crescita le somministrazioni: trainano le terze dosi, ma si registra un aumento anche delle prime per effetto dell\u2019entrata in vigore del Super green pass.\u00a0\u00a0Nella settimana dal 29 novembre al 5 dicembre le inoculazioni nell\u2019Isola sono state complessivamente 75.805, di cui 64.972 dosi booster e 4.836 prime dosi. Un incremento significativo rispetto alla settimana precedente, dal 22 al 28 novembre, dove il totale delle somministrazioni ha segnato quota 53.216 dosi di cui 44.514 booster e 3.652 prime inoculazioni. Se si torna pi\u00f9 indietro i numeri sono pi\u00f9 che raddoppiati se raffrontati alla settimana dal 15 al 21 novembre, dove il totale registrato \u00e8 di 34.045 dosi di cui 25.875 booster e 2.888 prime dosi.<\/p>\n\n\n\n<p>Nella giornata di ieri si \u00e8 chiuso a Cagliari l\u2019Open day dedicato alle terze dosi per il personale sanitario, scolastico e le forze dell\u2019ordine. Per l\u2019occasione nel centro della Fiera sono state somministrate 1.370 dosi.<\/p>\n\n\n\n<p>\u201cIl nuovo incremento delle somministrazioni \u2013 dichiara il Presidente della Giunta, Christian Solinas \u2013 \u00e8 un segnale molto positivo in questa fase della campagna vaccinale. La battaglia non \u00e8 ancora vinta, ma gli importanti risultati raggiunti li vediamo riflessi sull\u2019attuale impatto che il Covid sta registrando sulle ospedalizzazioni, dove l\u2019occupazione delle terapie intensive si assesta al 6% e le degenze in area medica al 5%, entrambe sotto la soglia critica. Tuttavia Il virus resta una minaccia per il diffondersi delle varianti. Il vaccino rappresenta la nostra arma pi\u00f9 forte e noi continueremo a potenziare i centri e i punti di vaccinazione su tutto il territorio per poter continuare a difendere la salute dei sardi e il nostro tessuto economico e sociale\u201d.<\/p>\n\n\n\n<p>\u201cBene il trend delle vaccinazioni in questa fase, particolarmente delicata per il dilagare della quarta ondata in Europa e in alcune regioni italiane\u201d, commenta l\u2019assessore regionale della Sanit\u00e0, Mario Nieddu. \u201cIn Sardegna \u2013 conclude l\u2019assessore \u2013 sono state somministrate 2,7 milioni di dosi. La macchina della campagna funziona e stiamo rafforzando i centri sotto ogni aspetto per proseguire nella direzione che abbiamo segnato\u201d.&nbsp;Com<\/p>\n","protected":false},"excerpt":{"rendered":"<p>Cagliari, 6 Dic 2021\u00a0\u2013 In Sardegna prosegue la corsa alle vaccinazioni anti-Covid. In crescita le somministrazioni: trainano le terze dosi, ma si registra un aumento&#8230;<\/p>\n","protected":false},"author":2,"featured_media":179499,"comment_status":"closed","ping_status":"open","sticky":false,"template":"","format":"standard","meta":[],"categories":[49,52],"tags":[],"_links":{"self":[{"href":"https:\/\/www.cronacaonline.it\/index.php\/wp-json\/wp\/v2\/posts\/215163"}],"collection":[{"href":"https:\/\/www.cronacaonline.it\/index.php\/wp-json\/wp\/v2\/posts"}],"about":[{"href":"https:\/\/www.cronacaonline.it\/index.php\/wp-json\/wp\/v2\/types\/post"}],"author":[{"embeddable":true,"href":"https:\/\/www.cronacaonline.it\/index.php\/wp-json\/wp\/v2\/users\/2"}],"replies":[{"embeddable":true,"href":"https:\/\/www.cronacaonline.it\/index.php\/wp-json\/wp\/v2\/comments?post=215163"}],"version-history":[{"count":1,"href":"https:\/\/www.cronacaonline.it\/index.php\/wp-json\/wp\/v2\/posts\/215163\/revisions"}],"predecessor-version":[{"id":215164,"href":"https:\/\/www.cronacaonline.it\/index.php\/wp-json\/wp\/v2\/posts\/215163\/revisions\/215164"}],"wp:featuredmedia":[{"embeddable":true,"href":"https:\/\/www.cronacaonline.it\/index.php\/wp-json\/wp\/v2\/media\/179499"}],"wp:attachment":[{"href":"https:\/\/www.cronacaonline.it\/index.php\/wp-json\/wp\/v2\/media?parent=215163"}],"wp:term":[{"taxonomy":"category","embeddable":true,"href":"https:\/\/www.cronacaonline.it\/index.php\/wp-json\/wp\/v2\/categories?post=215163"},{"taxonomy":"post_tag","embeddable":true,"href":"https:\/\/www.cronacaonline.it\/index.php\/wp-json\/wp\/v2\/tags?post=215163"}],"curies":[{"name":"wp","href":"https:\/\/api.w.org\/{rel}","templated":true}]}}