{"id":215134,"date":"2021-12-05T18:10:51","date_gmt":"2021-12-05T17:10:51","guid":{"rendered":"https:\/\/www.cronacaonline.it\/?p=215134"},"modified":"2021-12-05T18:11:14","modified_gmt":"2021-12-05T17:11:14","slug":"coronavirus-in-italia-nelle-ultime-24-ore-sono-stati-rilevati-15-021-nuovi-casi-e-43-morti-tasso-di-positivita-al-29","status":"publish","type":"post","link":"https:\/\/www.cronacaonline.it\/index.php\/2021\/12\/05\/coronavirus-in-italia-nelle-ultime-24-ore-sono-stati-rilevati-15-021-nuovi-casi-e-43-morti-tasso-di-positivita-al-29\/","title":{"rendered":"Coronavirus, in Italia nelle ultime 24 ore sono stati rilevati 15.021 nuovi casi e 43 morti. Tasso di positivit\u00e0 al 2,9%."},"content":{"rendered":"\n<p>Roma, 5 Dic 2021 - Secondo il bollettino odierno (05 dicembre 2021) dei dati del ministero della Salute sull'andamento della pandemia in Italia, nelle ultime 24 ore si sono registrati 15.021 nuovi casi, a fronte di 525.108 tamponi effettuati. 43 i decessi.<\/p>\n\n\n\n<p>Ieri i casi erano stati 16.632 con 75 decessi e 636.592 tamponi. Il tasso di positivit\u00e0 (rapporto tra nuovi casi e tamponi eseguiti) sale al 2,9%, contro il precedente 2,6%.<\/p>\n\n\n\n<p>Il totale degli ospedalizzati in Italia \u00e8 di 6.333 pazienti, con un aumento di 173 casi rispetto a ieri. Di questi, in terapia intensiva sono 736, con un aumento di 4 unit\u00e0. In isolamento domiciliare si trovano 225.667 persone, 8.109 in pi\u00f9 nelle ultime 24 ore. Tra dimessi e guariti si contano 4.742.887 persone, in aumento di 6.685 unit\u00e0.<\/p>\n\n\n\n<p>Il totale degli attualmente positivi in Italia \u00e8 di 232.000 casi, cio\u00e8 8.282 in pi\u00f9 rispetto all'ultimo rilevamento. I deceduti sono 134.195 dall'inizio della pandemia in Italia. I casi totali sono 5.109.082 (+15.021). I tamponi nelle ultime 24 ore sono stati 525.108, cio\u00e8 111.484 in meno rispetto al giorno precedente.<\/p>\n\n\n\n<p>Le regioni che hanno registrato il maggior numero di nuovi casi giornalieri sono Lombardia (+2.628), Veneto (+2.219), Emilia-Romagna (+1.707), Lazio (+1.549), Campania (+1.325).<\/p>\n\n\n\n<p>I nuovi contagi nelle altre regioni:&nbsp;Piemonte (+906), Sicilia (+870), Toscana (+669), Friuli Venezia Giulia (+595), Liguria (+486), Marche (+474), P.A. Bolzano (+369), Puglia (+248), Calabria (+228), P.A. Trento (+197), Abruzzo (+196), Sardegna (+133), Umbria (+123), Basilicata (+59), Valle d'Aosta (+24), Molise (+16).<\/p>\n","protected":false},"excerpt":{"rendered":"<p>Roma, 5 Dic 2021 &#8211; Secondo il bollettino odierno (05 dicembre 2021) dei dati del ministero della Salute sull&#8217;andamento della pandemia in Italia, nelle ultime&#8230;<\/p>\n","protected":false},"author":2,"featured_media":211417,"comment_status":"closed","ping_status":"open","sticky":false,"template":"","format":"standard","meta":[],"categories":[49,50],"tags":[],"_links":{"self":[{"href":"https:\/\/www.cronacaonline.it\/index.php\/wp-json\/wp\/v2\/posts\/215134"}],"collection":[{"href":"https:\/\/www.cronacaonline.it\/index.php\/wp-json\/wp\/v2\/posts"}],"about":[{"href":"https:\/\/www.cronacaonline.it\/index.php\/wp-json\/wp\/v2\/types\/post"}],"author":[{"embeddable":true,"href":"https:\/\/www.cronacaonline.it\/index.php\/wp-json\/wp\/v2\/users\/2"}],"replies":[{"embeddable":true,"href":"https:\/\/www.cronacaonline.it\/index.php\/wp-json\/wp\/v2\/comments?post=215134"}],"version-history":[{"count":1,"href":"https:\/\/www.cronacaonline.it\/index.php\/wp-json\/wp\/v2\/posts\/215134\/revisions"}],"predecessor-version":[{"id":215135,"href":"https:\/\/www.cronacaonline.it\/index.php\/wp-json\/wp\/v2\/posts\/215134\/revisions\/215135"}],"wp:featuredmedia":[{"embeddable":true,"href":"https:\/\/www.cronacaonline.it\/index.php\/wp-json\/wp\/v2\/media\/211417"}],"wp:attachment":[{"href":"https:\/\/www.cronacaonline.it\/index.php\/wp-json\/wp\/v2\/media?parent=215134"}],"wp:term":[{"taxonomy":"category","embeddable":true,"href":"https:\/\/www.cronacaonline.it\/index.php\/wp-json\/wp\/v2\/categories?post=215134"},{"taxonomy":"post_tag","embeddable":true,"href":"https:\/\/www.cronacaonline.it\/index.php\/wp-json\/wp\/v2\/tags?post=215134"}],"curies":[{"name":"wp","href":"https:\/\/api.w.org\/{rel}","templated":true}]}}