{"id":215011,"date":"2021-12-02T10:33:50","date_gmt":"2021-12-02T09:33:50","guid":{"rendered":"https:\/\/www.cronacaonline.it\/?p=215011"},"modified":"2021-12-02T10:33:52","modified_gmt":"2021-12-02T09:33:52","slug":"avvicendamento-nel-m5s-li-gioi-nuovo-capogruppo-in-consiglio-regionale-della-sardegna","status":"publish","type":"post","link":"https:\/\/www.cronacaonline.it\/index.php\/2021\/12\/02\/avvicendamento-nel-m5s-li-gioi-nuovo-capogruppo-in-consiglio-regionale-della-sardegna\/","title":{"rendered":"Avvicendamento nel M5S: Li Gioi nuovo capogruppo in Consiglio regionale della Sardegna."},"content":{"rendered":"\n<p>Cagliari, 2 Dic 2021 - Come da regolamento del Movimento 5 Stelle, cambia nuovamente il capogruppo nel Consiglio regionale della Sardegna.<\/p>\n\n\n\n<p>Dopo quattordici mesi di attivit\u00e0, Michele Ciusa cede il testimone al collega olbiese Roberto Li Gioi, vice presidente della Commissione Trasporti. Diventa invece vice capogruppo Alessandro Solinas.<\/p>\n\n\n\n<p>\u201cSento forte la responsabilit\u00e0 che mi \u00e8 stata affidata dai colleghi. Ricevo il testimone da un grande capogruppo e far\u00f2 di tutto per ripercorrere le sue orme\u201d, ha detto Li Gioi.<\/p>\n\n\n\n<p>\u201cIn questi mesi di lavoro ho sentito sempre forte l'apporto dei miei colleghi e grazie al loro sostegno ho potuto svolgere al meglio il mio lavoro da capogruppo. Auguro buon lavoro al collega Li Gioi e ringrazio Desir\u00e8 Manca, Alessandro Solinas e Roberto Li Gioi per la fiducia accordatami\u201d. Com<\/p>\n","protected":false},"excerpt":{"rendered":"<p>Cagliari, 2 Dic 2021 &#8211; Come da regolamento del Movimento 5 Stelle, cambia nuovamente il capogruppo nel Consiglio regionale della Sardegna. Dopo quattordici mesi di&#8230;<\/p>\n","protected":false},"author":2,"featured_media":184428,"comment_status":"closed","ping_status":"open","sticky":false,"template":"","format":"standard","meta":[],"categories":[49,52],"tags":[],"_links":{"self":[{"href":"https:\/\/www.cronacaonline.it\/index.php\/wp-json\/wp\/v2\/posts\/215011"}],"collection":[{"href":"https:\/\/www.cronacaonline.it\/index.php\/wp-json\/wp\/v2\/posts"}],"about":[{"href":"https:\/\/www.cronacaonline.it\/index.php\/wp-json\/wp\/v2\/types\/post"}],"author":[{"embeddable":true,"href":"https:\/\/www.cronacaonline.it\/index.php\/wp-json\/wp\/v2\/users\/2"}],"replies":[{"embeddable":true,"href":"https:\/\/www.cronacaonline.it\/index.php\/wp-json\/wp\/v2\/comments?post=215011"}],"version-history":[{"count":1,"href":"https:\/\/www.cronacaonline.it\/index.php\/wp-json\/wp\/v2\/posts\/215011\/revisions"}],"predecessor-version":[{"id":215012,"href":"https:\/\/www.cronacaonline.it\/index.php\/wp-json\/wp\/v2\/posts\/215011\/revisions\/215012"}],"wp:featuredmedia":[{"embeddable":true,"href":"https:\/\/www.cronacaonline.it\/index.php\/wp-json\/wp\/v2\/media\/184428"}],"wp:attachment":[{"href":"https:\/\/www.cronacaonline.it\/index.php\/wp-json\/wp\/v2\/media?parent=215011"}],"wp:term":[{"taxonomy":"category","embeddable":true,"href":"https:\/\/www.cronacaonline.it\/index.php\/wp-json\/wp\/v2\/categories?post=215011"},{"taxonomy":"post_tag","embeddable":true,"href":"https:\/\/www.cronacaonline.it\/index.php\/wp-json\/wp\/v2\/tags?post=215011"}],"curies":[{"name":"wp","href":"https:\/\/api.w.org\/{rel}","templated":true}]}}