{"id":214988,"date":"2021-12-02T07:31:17","date_gmt":"2021-12-02T06:31:17","guid":{"rendered":"https:\/\/www.cronacaonline.it\/?p=214988"},"modified":"2021-12-02T07:31:18","modified_gmt":"2021-12-02T06:31:18","slug":"il-presidente-solinas-agli-specializzandi-siete-il-nostro-migliore-investimento-per-il-futuro-in-sardegna-nuovi-medici-e-nuovi-ospedali-per-una-sanita-migliore","status":"publish","type":"post","link":"https:\/\/www.cronacaonline.it\/index.php\/2021\/12\/02\/il-presidente-solinas-agli-specializzandi-siete-il-nostro-migliore-investimento-per-il-futuro-in-sardegna-nuovi-medici-e-nuovi-ospedali-per-una-sanita-migliore\/","title":{"rendered":"Il presidente Solinas agli specializzandi: siete il nostro migliore investimento per il futuro. In Sardegna nuovi medici e nuovi ospedali per una sanit\u00e0 migliore."},"content":{"rendered":"\n<p>Cagliari, 2 Dic 2021 -\u00a0Il miglior investimento per il futuro della sanit\u00e0 sarda sono i giovani, sui quali puntiamo investendo risorse ed energie, nella certezza che l\u2019alta specializzazione dei giovani medici sia la migliore garanzia per ottenere alla nostra terra una sanit\u00e0 sempre pi\u00f9 efficiente e all\u2019avanguardia.<\/p>\n\n\n\n<p>Lo ha scritto ieri in una nota il Presidente della Regione Christian Solinas, intervenendo al \u201cWelcome Doctors 2021\u201d nell\u2019Aula Magna di Chirurgia della Cittadella Universitaria di Cagliari, con la quale si \u00e8 dato ufficialmente inizio della fase di specializzazione dei dottorandi.&nbsp;<\/p>\n\n\n\n<p>Viviamo, ha detto il Presidente Solinas, un tempo di profonde e rapide mutazioni epocali, nel quale la pandemia ha solo accelerato un processo che era gi\u00e0 in corso. Dire che i sistemi sanitari sono entrati in crisi con la pandemia non \u00e8 un'affermazione scientificamente corretta. Essi vivono da qualche tempo delle criticit\u00e0 e delle complessit\u00e0 che sono oggetto di studio ormai da pi\u00f9 parti. Penso al sistema inglese che da sempre ha alimentato il proprio fabbisogno di medici attingendo alle facolt\u00e0 delle ex colonie o degli altri Stati, riservando i posti di dirigenza alla categoria della dirigenza medica locale. Oggi anche sistemi evoluti come quelli di Stati Uniti o Israele manifestano problemi riguardo agli organici.&nbsp;<\/p>\n\n\n\n<p>La piena collaborazione instaurata tra il Rettore, la Regione e la classe medica rappresenta una saldatura ormai necessaria per ovviare a quel difetto di programmazione che oggettivamente c'\u00e8 stato in passato. Se ci fosse stata una programmazione corretta a livello nazionale e regionale, sicuramente non saremmo nelle condizioni di gravi carenze di organici nelle quali oggi ci troviamo. Il problema di come ovviare a questa emorragia di professionalit\u00e0 \u00e8 una emergenza di oggi, il che significa vedere i risultati in un periodo di medio termine. Abbiamo di fronte una sfida che ha la sua complessit\u00e0 nel combinare misure di stretta emergenza che devono dare risultati nell'immediato per gestire il tempo formativo di 6 10 11 anni, che ci porter\u00e0 ad avere delle professionalit\u00e0 operative nel futuro. I numeri sono impietosi, ha detto il Presidente Solinas.<\/p>\n\n\n\n<p>Ad esempio, se osserviamo la situazione della medicina generale sappiamo che annualmente, per i prossimi cinque anni, avremmo in media 11000 ingressi a fronte di 33000 uscite. L\u2019annus horribilis \u00e8 stato da fonti statistiche certificate individuato al 2022, quando la forbice supera le 22392. E\u2019 quindi un grande problema nazionale, che si riflette anche in Sardegna anche se con numeri meno gravi di Lombardia, Lazio, Campania, Veneto e Sicilia.<\/p>\n\n\n\n<p>Al 31\/12 del 2014 il sistema sanitario regionale contava 18251 unit\u00e0; nel 2019 erano 14862.<\/p>\n\n\n\n<p>Non \u00e8 facile invertire questa tendenza, ha sottolineato il Presidente Solinas. Dal 2019 abbiamo aperto 134 procedure per il reclutamento di personale, ma abbiamo constatato il peso di un effetto definito intervento: mancanza di risposte alle chiamate.&nbsp; Riusciamo a coprire i fabbisogni solo 59% delle chiamate.<\/p>\n\n\n\n<p>Nell\u2019 anno peggiore, quello della pandemia del 2020, non ci siamo comunque fermati e abbiamo avviato ulteriori procedure per il reperimento di medici.<\/p>\n\n\n\n<p>Grazie anche agli specializzandi, ha detto il Presidente Solinas, la Sardegna \u00e8 riuscita ad affrontare in maniera ordinata questa pandemia, e il sistema sanitario sardo, pur con una sofferenza enorme, non ha lasciato indietro alcun paziente.<\/p>\n\n\n\n<p>Questa \u00e8 la regione che ha avuto minor numero di settimane di zona rossa o arancione, e il minore numero di settimane di chiusura. Sul fronte delle vaccinazioni, abbiamo messo in piedi un modello di centro che ha funzionato egregiamente con il grande impegno di tutti gli operatori.&nbsp;<\/p>\n\n\n\n<p>Grazie ad una importante convergenza politica, abbiamo utilizzato risorse importanti sulle borse di studio, puntando su uno degli investimenti pi\u00f9 qualificanti che la Regione possa fare in questo momento, i giovani medici.&nbsp;&nbsp;<\/p>\n\n\n\n<p>Ma non basta. Riannodare il filo di un dialogo tra le Istituzioni \u00e8 il presupposto fondamentale per costruire un nuovo sistema sanitario non solo all'altezza delle sfide dei tempi e della domanda di salute che i Sardi attendono, ma anche poter scommettere con forza sulla sanit\u00e0 pubblica, che \u00e8 un presidio irrinunciabile. Intendiamo quindi, ha confermato il Presidente, realizzare nuovi ospedali.<\/p>\n\n\n\n<p>Abbiamo bisogno di strutture moderne e di spazi adeguati per la miglior erogazione di prestazioni sanitarie di tecnologia all'avanguardia, di ospedali che possano attrarre le pi\u00f9 alte professionalit\u00e0 mediche nel panorama nazionale e internazionale.&nbsp;<\/p>\n\n\n\n<p>Uno sforzo comune, libero da condizionamenti e divisioni politiche, ha concluso il Presidente Solinas, che garantir\u00e0 ai Sardi quella sanit\u00e0 pubblica cui tutti nostri cittadini hanno diritto. Com<\/p>\n","protected":false},"excerpt":{"rendered":"<p>Cagliari, 2 Dic 2021 &#8211;\u00a0Il miglior investimento per il futuro della sanit\u00e0 sarda sono i giovani, sui quali puntiamo investendo risorse ed energie, nella certezza&#8230;<\/p>\n","protected":false},"author":2,"featured_media":176999,"comment_status":"closed","ping_status":"open","sticky":false,"template":"","format":"standard","meta":[],"categories":[49,52],"tags":[],"_links":{"self":[{"href":"https:\/\/www.cronacaonline.it\/index.php\/wp-json\/wp\/v2\/posts\/214988"}],"collection":[{"href":"https:\/\/www.cronacaonline.it\/index.php\/wp-json\/wp\/v2\/posts"}],"about":[{"href":"https:\/\/www.cronacaonline.it\/index.php\/wp-json\/wp\/v2\/types\/post"}],"author":[{"embeddable":true,"href":"https:\/\/www.cronacaonline.it\/index.php\/wp-json\/wp\/v2\/users\/2"}],"replies":[{"embeddable":true,"href":"https:\/\/www.cronacaonline.it\/index.php\/wp-json\/wp\/v2\/comments?post=214988"}],"version-history":[{"count":1,"href":"https:\/\/www.cronacaonline.it\/index.php\/wp-json\/wp\/v2\/posts\/214988\/revisions"}],"predecessor-version":[{"id":214989,"href":"https:\/\/www.cronacaonline.it\/index.php\/wp-json\/wp\/v2\/posts\/214988\/revisions\/214989"}],"wp:featuredmedia":[{"embeddable":true,"href":"https:\/\/www.cronacaonline.it\/index.php\/wp-json\/wp\/v2\/media\/176999"}],"wp:attachment":[{"href":"https:\/\/www.cronacaonline.it\/index.php\/wp-json\/wp\/v2\/media?parent=214988"}],"wp:term":[{"taxonomy":"category","embeddable":true,"href":"https:\/\/www.cronacaonline.it\/index.php\/wp-json\/wp\/v2\/categories?post=214988"},{"taxonomy":"post_tag","embeddable":true,"href":"https:\/\/www.cronacaonline.it\/index.php\/wp-json\/wp\/v2\/tags?post=214988"}],"curies":[{"name":"wp","href":"https:\/\/api.w.org\/{rel}","templated":true}]}}