{"id":214982,"date":"2021-12-01T17:55:38","date_gmt":"2021-12-01T16:55:38","guid":{"rendered":"https:\/\/www.cronacaonline.it\/?p=214982"},"modified":"2021-12-01T17:55:40","modified_gmt":"2021-12-01T16:55:40","slug":"vaccini-speranza-oltre-6-milioni-di-terze-dosi-somministrate","status":"publish","type":"post","link":"https:\/\/www.cronacaonline.it\/index.php\/2021\/12\/01\/vaccini-speranza-oltre-6-milioni-di-terze-dosi-somministrate\/","title":{"rendered":"Vaccini, Speranza: &#8220;Oltre 6 milioni di terze dosi somministrate&#8221;."},"content":{"rendered":"\n<p>Roma, 1 Dic 2021 \u2013 All\u2019ora delle domande alla Camera il ministro della Salute, Roberto Speranza, ha fatto il punto sulla campagna vaccinale: oltre 6 milioni di terze dosi somministrate, ed immunizzazione per quasi l'85% della popolazione. Numeri, secondo il ministro, \"incoraggianti\", raccomandando per\u00f2 a non abbassare la guardia anche se \"l'incidenza sale a 146 (su 100 mila abitanti) ma meno che in altri Paesi Ue\".<\/p>\n\n\n\n<p>Il ministro ha sottolineato un balzo degli ultimi giorni nel flusso di somministrazioni: \"Ieri 315.290 terze dosi effettuate nel nostro Paese\".<\/p>\n\n\n\n<p>\"Sono 96 milioni e 335mila le dosi somministrate ad oggi: i nostri numeri sono molto incoraggianti\", ha aggiunto Speranza, che annuncia l'avvio proprio oggi della campagna vaccinale per i richiami degli over 18.<\/p>\n\n\n\n<p>\"I numeri dell'Italia in questo momento sono pi\u00f9 bassi rispetto anche ad alcuni paesi Ue confinanti\" - ha proseguito Speranza -\"l'incidenza in Slovenia in 7 giorni era di 186 casi, Austria 904 casi, Svizzera 583, Germania 485 e Francia 319 casi\". Positivo dunque il dato sull'Italia dall'ultimo report dell'Iss: \"125 casi per 100 mila abitanti, che con gli ultimi dati aggiornati a stanotte salgono a 146\".<\/p>\n\n\n\n<p>Il ministro annuncia che il governo si muover\u00e0 in direzione di un rafforzamento dei controlli per gli ingressi dall'estero: \"Rafforzare i controlli non solo negli aeroporti, ma anche per altri mezzi di trasporto e nei luoghi di arrivo come nell'area del Friuli Venezia Giulia\".<\/p>\n\n\n\n<p>Una priorit\u00e0 - ha concluso Speranza - \u00e8 quella della medicina d'urgenza, e a questo scopo il governo in manovra investir\u00e0 90 milioni di euro \"per una specifica indennit\u00e0 di funzione per il personale del Pronto soccorso\".<\/p>\n","protected":false},"excerpt":{"rendered":"<p>Roma, 1 Dic 2021 \u2013 All\u2019ora delle domande alla Camera il ministro della Salute, Roberto Speranza, ha fatto il punto sulla campagna vaccinale: oltre 6&#8230;<\/p>\n","protected":false},"author":2,"featured_media":191772,"comment_status":"closed","ping_status":"open","sticky":false,"template":"","format":"standard","meta":[],"categories":[49,50],"tags":[],"_links":{"self":[{"href":"https:\/\/www.cronacaonline.it\/index.php\/wp-json\/wp\/v2\/posts\/214982"}],"collection":[{"href":"https:\/\/www.cronacaonline.it\/index.php\/wp-json\/wp\/v2\/posts"}],"about":[{"href":"https:\/\/www.cronacaonline.it\/index.php\/wp-json\/wp\/v2\/types\/post"}],"author":[{"embeddable":true,"href":"https:\/\/www.cronacaonline.it\/index.php\/wp-json\/wp\/v2\/users\/2"}],"replies":[{"embeddable":true,"href":"https:\/\/www.cronacaonline.it\/index.php\/wp-json\/wp\/v2\/comments?post=214982"}],"version-history":[{"count":1,"href":"https:\/\/www.cronacaonline.it\/index.php\/wp-json\/wp\/v2\/posts\/214982\/revisions"}],"predecessor-version":[{"id":214983,"href":"https:\/\/www.cronacaonline.it\/index.php\/wp-json\/wp\/v2\/posts\/214982\/revisions\/214983"}],"wp:featuredmedia":[{"embeddable":true,"href":"https:\/\/www.cronacaonline.it\/index.php\/wp-json\/wp\/v2\/media\/191772"}],"wp:attachment":[{"href":"https:\/\/www.cronacaonline.it\/index.php\/wp-json\/wp\/v2\/media?parent=214982"}],"wp:term":[{"taxonomy":"category","embeddable":true,"href":"https:\/\/www.cronacaonline.it\/index.php\/wp-json\/wp\/v2\/categories?post=214982"},{"taxonomy":"post_tag","embeddable":true,"href":"https:\/\/www.cronacaonline.it\/index.php\/wp-json\/wp\/v2\/tags?post=214982"}],"curies":[{"name":"wp","href":"https:\/\/api.w.org\/{rel}","templated":true}]}}