{"id":214972,"date":"2021-12-01T15:03:45","date_gmt":"2021-12-01T14:03:45","guid":{"rendered":"https:\/\/www.cronacaonline.it\/?p=214972"},"modified":"2021-12-01T15:03:46","modified_gmt":"2021-12-01T14:03:46","slug":"in-una-ordinanza-il-sindaco-di-cagliari-paolo-truzzu-impone-lobbligo-delle-mascherine-anche-allaperto-per-evitare-il-rischio-di-nuove-chiusure","status":"publish","type":"post","link":"https:\/\/www.cronacaonline.it\/index.php\/2021\/12\/01\/in-una-ordinanza-il-sindaco-di-cagliari-paolo-truzzu-impone-lobbligo-delle-mascherine-anche-allaperto-per-evitare-il-rischio-di-nuove-chiusure\/","title":{"rendered":"In una ordinanza il Sindaco di Cagliari Paolo Truzzu impone l\u2019obbligo delle mascherine anche all\u2019aperto per evitare il rischio di nuove chiusure."},"content":{"rendered":"\n<p>Cagliari, 1 Dic 20212 - Il sindaco Paolo Truzzu, con propria Ordinanza n. 111 del 1.12.2021, ha disposto che \u00e8 fatto obbligo di indossare la mascherina anche in tutti i luoghi all'aperto, nei seguenti giorni e con i seguenti orari: dalle ore 16,00 alle 22,00 di venerd\u00ec 3 dicembre e dalle 10,00 alle 22,00 di sabato e domenica 4 e 5 dicembre, dalle ore 16,00 alle 22,00 di marted\u00ec 7 dicembre e dalle 10,00 alle 22,00 di mercoled\u00ec 8 dicembre, dalle ore 16,00 alle 22,00 di venerd\u00ec 10 dicembre e dalle 10,00 alle 22,00 di sabato e domenica 11 e 12 dicembre, dalle ore 16,00 alle 22,00 di venerd\u00ec 17 dicembre e dalle 10,00 alle 22,00 di ciascun giorno dal 18 al 25 dicembre.<\/p>\n\n\n\n<p>Invece dalle ore 16,00 alle 22,00 di gioved\u00ec 30 dicembre e dalle 10,00 del 31 dicembre fino alle ore 02,00 del 1\u00b0 gennaio 2022, nei quartieri di Marina, Stampace, Villanova, comprese la Piazza Matteotti, la Piazza del Carmine, la Piazza Dettori (compreso Vicolo Collegio e Scalette Santa Teresa), la Piazza San Sepolcro, la Piazza Santa Restituta, la Piazza Savoia, la Piazza Sant'Eulalia, le scalinate della chiesa di Sant'Anna, nel Bastione di Saint Remy, con particolare riferimento al Corso Vittorio Emanuele, al largo Carlo Felice, alla via Roma, alla Piazza Yenne, alla Via Manno, Piazza Costituzione, Via Garibaldi, Piazza Garibaldi, Via Alghero, Via Sonnino, Via Dante, Via Paoli, via Einaudi, via Oristano in tutte le piazze ed aree all'aperto in cui saranno posti in essere i tradizionali festeggiamenti natalizi e di fine anno.<\/p>\n\n\n\n<p>Sar\u00e0 obbligatorio indossare la mascherina nel lungomare Poetto dalle ore 9,00 alle ore 14,00 dei giorni del sabato 4, domenica 5, mercoled\u00ec 8, sabato 11, domenica 12, sabato 18, domenica 19, venerd\u00ec 24, sabato 25, domenica 26, dicembre 2021, sabato 1 e domenica 2 gennaio 2022.<\/p>\n\n\n\n<p>Si precisa che non hanno l'obbligo di indossare il dispositivo di protezione delle vie respiratorie: i minori di et\u00e0 inferiore ai sei anni, le persone con patologie o disabilit\u00e0 incompatibili con l'uso dei dispositivi, le persone che devono comunicare con un disabile in modo da non poter far uso del dispositivo e i soggetti che svolgono attivit\u00e0 sportiva.<\/p>\n\n\n\n<p>\"Dobbiamo assolutamente evitare che la Sardegna passi in zona gialla \u2013 afferma il sindaco Paolo Truzzu - e far trascorrere alle famiglie cagliaritane e alle attivit\u00e0 commerciali un Natale in serenit\u00e0. I contagi crescono e delle varianti conosciamo poco, per cui \u00e8 necessario essere molto prudenti e attenti, seguendo le regole che conosciamo bene\".<br><br>\"Occorre fare dei piccoli sacrifici \u2013 prosegue il primo cittadino - soprattutto nei giorni pi\u00f9 caldi dello shopping natalizio e nelle zone di maggiore assembramento. D\u2019accordo con Prefettura, Camera di Commercio, Confcommercio, Federalberghi e Confesercenti abbiamo deciso che l'uso delle mascherine sia limitato ad alcune zone e vie ben definite della citt\u00e0, con orari contingentati a seconda dei giorni\".<br><br>\"In modo tale che \u2013 conclude il sindaco - nelle nostre case possano entrare solo pensieri natalizi e non altre spiacevoli conseguenze\". Com<\/p>\n","protected":false},"excerpt":{"rendered":"<p>Cagliari, 1 Dic 20212 &#8211; Il sindaco Paolo Truzzu, con propria Ordinanza n. 111 del 1.12.2021, ha disposto che \u00e8 fatto obbligo di indossare la&#8230;<\/p>\n","protected":false},"author":2,"featured_media":197661,"comment_status":"closed","ping_status":"open","sticky":false,"template":"","format":"standard","meta":[],"categories":[49,52],"tags":[],"_links":{"self":[{"href":"https:\/\/www.cronacaonline.it\/index.php\/wp-json\/wp\/v2\/posts\/214972"}],"collection":[{"href":"https:\/\/www.cronacaonline.it\/index.php\/wp-json\/wp\/v2\/posts"}],"about":[{"href":"https:\/\/www.cronacaonline.it\/index.php\/wp-json\/wp\/v2\/types\/post"}],"author":[{"embeddable":true,"href":"https:\/\/www.cronacaonline.it\/index.php\/wp-json\/wp\/v2\/users\/2"}],"replies":[{"embeddable":true,"href":"https:\/\/www.cronacaonline.it\/index.php\/wp-json\/wp\/v2\/comments?post=214972"}],"version-history":[{"count":1,"href":"https:\/\/www.cronacaonline.it\/index.php\/wp-json\/wp\/v2\/posts\/214972\/revisions"}],"predecessor-version":[{"id":214973,"href":"https:\/\/www.cronacaonline.it\/index.php\/wp-json\/wp\/v2\/posts\/214972\/revisions\/214973"}],"wp:featuredmedia":[{"embeddable":true,"href":"https:\/\/www.cronacaonline.it\/index.php\/wp-json\/wp\/v2\/media\/197661"}],"wp:attachment":[{"href":"https:\/\/www.cronacaonline.it\/index.php\/wp-json\/wp\/v2\/media?parent=214972"}],"wp:term":[{"taxonomy":"category","embeddable":true,"href":"https:\/\/www.cronacaonline.it\/index.php\/wp-json\/wp\/v2\/categories?post=214972"},{"taxonomy":"post_tag","embeddable":true,"href":"https:\/\/www.cronacaonline.it\/index.php\/wp-json\/wp\/v2\/tags?post=214972"}],"curies":[{"name":"wp","href":"https:\/\/api.w.org\/{rel}","templated":true}]}}