{"id":214956,"date":"2021-12-01T09:05:20","date_gmt":"2021-12-01T08:05:20","guid":{"rendered":"https:\/\/www.cronacaonline.it\/?p=214956"},"modified":"2021-12-01T09:05:21","modified_gmt":"2021-12-01T08:05:21","slug":"vaccini-effetto-omicron-e-green-pass-in-aumento-prime-e-terze-dosi","status":"publish","type":"post","link":"https:\/\/www.cronacaonline.it\/index.php\/2021\/12\/01\/vaccini-effetto-omicron-e-green-pass-in-aumento-prime-e-terze-dosi\/","title":{"rendered":"Vaccini, effetto Omicron e Green pass: in aumento prime e terze dosi."},"content":{"rendered":"\n<p>Cagliari, 1 Dic 2021 - In Italia la campagna vaccinale anti-Covid registra un balzo in avanti, per l'allarme sulla variante Omicron e per il green pass rafforzato: in un giorno 32mila prime dosi e circa 300mila booster.\u00a0Tornano gazebo, dove esiste il vaccino nell\u2019auto e medici in caserme, piazze, padiglioni delle fiere e - a Palermo - perfino dal barbiere. L'input sul potenziamento della campagna vaccinale indicato dal Commissario per l'Emergenza, Francesco Figliuolo, d\u00e0 il via al rafforzamento della macchina delle somministrazioni, che dovr\u00e0 tornare a pieno regime con punte di 450mila inoculazioni al giorno gi\u00e0 dalla prossima settimana. E se il governo richiede in sostanza gli stessi numeri delle iniezioni effettuate quotidianamente mesi fa, le Regioni sollecitano la riapertura dei centri vaccinali che saranno messi a disposizione dalla Difesa in accordo con la struttura commissariale. In base alle disponibilit\u00e0, saranno dunque autorizzate ulteriori aperture di questo tipo di strutture, a partire dalla Calabria. Ma non \u00e8 l'unica necessit\u00e0 del momento: \"Serve pi\u00f9 personale per poter vaccinare di pi\u00f9\", dicono ancora dai territori.<\/p>\n\n\n\n<p>In effetti, sulla spinta dei timori per il diffondersi della variante Omicron e dopo le misure previste sul Super Green pass dal 6 dicembre, le cifre dei vaccini crescono di giorno in giorno.&nbsp; Sono state 32.473 le prime dosi somministrate nelle ultime 24 ore in Italia, un livello che non si aveva da oltre un mese (21ottobre), mentre le terze dosi continuano a correre con quasi 300 mila (293.177) booster, arrivando a 6.237.051. In tutto, comprese le 27 mila nuove persone vaccinate (con due dosi), sono state 352.683 mila le dosi giornaliere arrivando ad un totale di 95.984.088 di vaccini somministrati, pari al 94,3% del totale a disposizione delle regioni.<\/p>\n\n\n\n<p>I numeri aumenteranno ancora progressivamente, dopo l'inizio delle inoculazioni della terza dose anche per gli over 18 a partire da queste ore, in attesa che arrivi il turno della fascia di et\u00e0 12-17. Poi, probabilmente a fine dicembre, sar\u00e0 possibile immunizzare anche i bambini dai 5 agli 11 anni.&nbsp;E proseguono gli appelli del governo affinch\u00e9 l'Italia possa vincere la corsa contro il tempo in questa quarta ondata. Riguardo a Omicron \"l'aspetto positivo \u00e8 che sembra non eluda i test, quindi siamo ancora in grado di diagnosticarla e presumibilmente, se questo funziona per i test, dovrebbe funzionare anche per il vaccino\", assicura Walter Ricciardi, consigliere del ministro della Salute Roberto Speranza.<\/p>\n\n\n\n<p>Ma la carenza di sanitari in hub e ospedali resta un problema da risolvere, almeno in alcune regioni. Tra i territori dov'\u00e8 stato richiesto un maggiore supporto di personale c'\u00e8 anche il Friuli, che ha la pi\u00f9 alta percentuale di sanitari No vax. \"Abbiamo avuto un aumento delle richieste di vaccinazione, ma \u00e8 chiaro che abbiamo dei limiti, ovvero il personale a disposizione\", dice il governatore e presidente della Conferenza delle Regioni, Massimiliano Fedriga - abbiamo una parte di personale che si \u00e8 allontanata dall'attivit\u00e0 sanitaria perch\u00e9 non si \u00e8 vaccinata e abbiamo quelli che si sono contagiati, malgrado la doppia dose, e che stanno bene per\u00f2 sono fuori uso per qualche settimana. Stiamo per\u00f2 potenziando molto la campagna in tutte le tre aziende sanitarie e da qui ai prossimi giorni verranno ampliate ulteriormente le agende vaccinali\". Questioni sulla mancanza di medici e infermieri sono state poste anche nelle Asl di Veneto e Piemonte.<\/p>\n\n\n\n<p>La Valle d'Aosta ha persino lanciato un appello a medici, biologi, farmacisti e personale delle professioni sanitarie, tra cui ostetriche e fisioterapisti, anche in pensione, affinch\u00e9 diano la loro disponibilit\u00e0 ad effettuare le somministrazioni per alcune settimane. L'assessore alla Sanit\u00e0, Roberto Barmasse, avverte: \"Stiamo combattendo su molti fronti con un unico esercito, purtroppo anche un po' decimato, e le possibilit\u00e0 di incremento delle forze \u00e8 ostacolato dalla difficolt\u00e0 a reperire figure professionali disponibili per l'assunzione\". Gi\u00e0 lo scorso 23 novembre la struttura Commissariale per l'Emergenza di Francesco Figliuolo aveva siglato un'intesa con il Ministero della Salute, per prorogare fino al 31 luglio 2022 l'accordo con le agenzie per il lavoro relativo al personale sanitario. A quanto pare -secondo diverse Asl ora alle prese con i tracciamenti e sequenziamenti della nuove varianti, aumento dei contagi e nuove fasce d'et\u00e0 da immunizzare - potrebbe non bastare<\/p>\n\n\n\n<p>&nbsp;\"Solitamente noi abbiamo sempre approvato quello che approvava l'Ema anche a distanza di poche ore. Direi che l'urgenza stringente in questo caso non c'\u00e8, perch\u00e9 devono arrivare le preparazioni vaccinali che, ricordo, sono pari ad un terzo rispetto a quelle che si fanno agli adolescenti e quindi in ogni caso i vaccini arriveranno verso met\u00e0 dicembre\". Cos\u00ec il presidente dell'Agenzia italiana del farmaco Aifa, Giorgio Pal\u00f9, ieri sera a Porta a porta, in merito alla attesa pronuncia dell'Aifa sulla vaccinazione per i bambini tra 5 e 11 anni.<\/p>\n","protected":false},"excerpt":{"rendered":"<p>Cagliari, 1 Dic 2021 &#8211; In Italia la campagna vaccinale anti-Covid registra un balzo in avanti, per l&#8217;allarme sulla variante Omicron e per il green&#8230;<\/p>\n","protected":false},"author":2,"featured_media":214944,"comment_status":"closed","ping_status":"open","sticky":false,"template":"","format":"standard","meta":[],"categories":[49,50],"tags":[],"_links":{"self":[{"href":"https:\/\/www.cronacaonline.it\/index.php\/wp-json\/wp\/v2\/posts\/214956"}],"collection":[{"href":"https:\/\/www.cronacaonline.it\/index.php\/wp-json\/wp\/v2\/posts"}],"about":[{"href":"https:\/\/www.cronacaonline.it\/index.php\/wp-json\/wp\/v2\/types\/post"}],"author":[{"embeddable":true,"href":"https:\/\/www.cronacaonline.it\/index.php\/wp-json\/wp\/v2\/users\/2"}],"replies":[{"embeddable":true,"href":"https:\/\/www.cronacaonline.it\/index.php\/wp-json\/wp\/v2\/comments?post=214956"}],"version-history":[{"count":1,"href":"https:\/\/www.cronacaonline.it\/index.php\/wp-json\/wp\/v2\/posts\/214956\/revisions"}],"predecessor-version":[{"id":214957,"href":"https:\/\/www.cronacaonline.it\/index.php\/wp-json\/wp\/v2\/posts\/214956\/revisions\/214957"}],"wp:featuredmedia":[{"embeddable":true,"href":"https:\/\/www.cronacaonline.it\/index.php\/wp-json\/wp\/v2\/media\/214944"}],"wp:attachment":[{"href":"https:\/\/www.cronacaonline.it\/index.php\/wp-json\/wp\/v2\/media?parent=214956"}],"wp:term":[{"taxonomy":"category","embeddable":true,"href":"https:\/\/www.cronacaonline.it\/index.php\/wp-json\/wp\/v2\/categories?post=214956"},{"taxonomy":"post_tag","embeddable":true,"href":"https:\/\/www.cronacaonline.it\/index.php\/wp-json\/wp\/v2\/tags?post=214956"}],"curies":[{"name":"wp","href":"https:\/\/api.w.org\/{rel}","templated":true}]}}