{"id":214946,"date":"2021-11-30T17:44:06","date_gmt":"2021-11-30T16:44:06","guid":{"rendered":"https:\/\/www.cronacaonline.it\/?p=214946"},"modified":"2021-11-30T17:44:07","modified_gmt":"2021-11-30T16:44:07","slug":"vaccinazione-anti-covid-sardegna-prima-in-italia-nella-fascia-dei-giovani-crescono-le-terze-dosi","status":"publish","type":"post","link":"https:\/\/www.cronacaonline.it\/index.php\/2021\/11\/30\/vaccinazione-anti-covid-sardegna-prima-in-italia-nella-fascia-dei-giovani-crescono-le-terze-dosi\/","title":{"rendered":"Vaccinazione anti Covid, Sardegna prima in Italia nella fascia dei giovani, crescono le terze dosi."},"content":{"rendered":"\n<p>Cagliari, 30 Nov 2021\u00a0-\u00a0Prosegue con forza la campagna di vaccinazione anti Covid nell'Isola. La Sardegna \u00e8 la prima regione d'Italia per le vaccinazioni nella fascia d'et\u00e0 tra i 12 e i 19 anni. Il 76,8% dei giovani residenti nell'Isola (84mila su una platea di 109mila persone) ha infatti completato il ciclo di vaccinazione. Nell'ultima settimana si registra anche un complessivo aumento nella somministrazione delle prime dosi (+47%) che passano cos\u00ec da una media di 500 inoculazioni giornaliere (dato rilevato nella settimana dall'8 al 20 novembre) alle attuali 740, con un picco registrato il 26 novembre nei centri di Cagliari (242 dosi contro una media giornaliera che si attestava attorno alle 150) e Sassari (260 dosi su una media di 160 nella settimana precedente).<\/p>\n\n\n\n<p>In crescita anche le somministrazioni delle dosi booster: 144mila complessivamente le terze dosi somministrate in Sardegna, con una media di 10mila inoculazioni giornaliere contro le 4.500 della settimana precedente. Attualmente il picco di somministrazioni di terze dosi \u00e8 stato registrato il 26 novembre, con 11mila dosi.&nbsp;<\/p>\n\n\n\n<p>\"La Sardegna \u2013 dichiara il presidente della Regione, Christian Solinas \u2013 continua a conseguire risultati importanti nella campagna di vaccinazione contro il Covid e noi proseguiremo mettendo in campo tutto ci\u00f2 che \u00e8 necessario per difendere la salute dei cittadini e la nostra economia in questo momento particolarmente delicato. Le terze dosi crescono e stiamo lavorando per potenziare l'intero sistema degli hub. Inoltre stiamo gi\u00e0 pianificando le azioni da intraprendere in attesa del via libera alla vaccinazione dei pi\u00f9 piccoli, nella fascia dai 5 agli 11 anni. Importantissima, dice il Presidente, la risposta dei nostri giovani\".<\/p>\n\n\n\n<p>\"In questa nuova fase della campagna \u2013 prosegue \u2013 i sardi stanno rispondendo bene. Questa \u00e8 la strada giusta. Il virus non \u00e8 ancora sconfitto e le nuove varianti rappresentano ancora una minaccia. La Sardegna ha gi\u00e0 sofferto troppo il peso della pandemia e questa \u00e8 una battaglia che riguarda ciascuno di noi\".<\/p>\n","protected":false},"excerpt":{"rendered":"<p>Cagliari, 30 Nov 2021\u00a0&#8211;\u00a0Prosegue con forza la campagna di vaccinazione anti Covid nell&#8217;Isola. La Sardegna \u00e8 la prima regione d&#8217;Italia per le vaccinazioni nella fascia&#8230;<\/p>\n","protected":false},"author":2,"featured_media":213812,"comment_status":"closed","ping_status":"open","sticky":false,"template":"","format":"standard","meta":[],"categories":[49,52],"tags":[],"_links":{"self":[{"href":"https:\/\/www.cronacaonline.it\/index.php\/wp-json\/wp\/v2\/posts\/214946"}],"collection":[{"href":"https:\/\/www.cronacaonline.it\/index.php\/wp-json\/wp\/v2\/posts"}],"about":[{"href":"https:\/\/www.cronacaonline.it\/index.php\/wp-json\/wp\/v2\/types\/post"}],"author":[{"embeddable":true,"href":"https:\/\/www.cronacaonline.it\/index.php\/wp-json\/wp\/v2\/users\/2"}],"replies":[{"embeddable":true,"href":"https:\/\/www.cronacaonline.it\/index.php\/wp-json\/wp\/v2\/comments?post=214946"}],"version-history":[{"count":1,"href":"https:\/\/www.cronacaonline.it\/index.php\/wp-json\/wp\/v2\/posts\/214946\/revisions"}],"predecessor-version":[{"id":214947,"href":"https:\/\/www.cronacaonline.it\/index.php\/wp-json\/wp\/v2\/posts\/214946\/revisions\/214947"}],"wp:featuredmedia":[{"embeddable":true,"href":"https:\/\/www.cronacaonline.it\/index.php\/wp-json\/wp\/v2\/media\/213812"}],"wp:attachment":[{"href":"https:\/\/www.cronacaonline.it\/index.php\/wp-json\/wp\/v2\/media?parent=214946"}],"wp:term":[{"taxonomy":"category","embeddable":true,"href":"https:\/\/www.cronacaonline.it\/index.php\/wp-json\/wp\/v2\/categories?post=214946"},{"taxonomy":"post_tag","embeddable":true,"href":"https:\/\/www.cronacaonline.it\/index.php\/wp-json\/wp\/v2\/tags?post=214946"}],"curies":[{"name":"wp","href":"https:\/\/api.w.org\/{rel}","templated":true}]}}