{"id":214943,"date":"2021-11-30T17:25:33","date_gmt":"2021-11-30T16:25:33","guid":{"rendered":"https:\/\/www.cronacaonline.it\/?p=214943"},"modified":"2021-11-30T17:25:34","modified_gmt":"2021-11-30T16:25:34","slug":"covid-la-germania-si-prepara-a-trasferire-pazienti-allestero-anche-in-italia","status":"publish","type":"post","link":"https:\/\/www.cronacaonline.it\/index.php\/2021\/11\/30\/covid-la-germania-si-prepara-a-trasferire-pazienti-allestero-anche-in-italia\/","title":{"rendered":"Covid, la Germania si prepara a trasferire pazienti all&#8217;estero: anche in Italia."},"content":{"rendered":"\n<p>Cagliari, 30 Nov 2021 - Continua in Germania il picco della quarta ondata con contagi in continua crescita ed ora - in alcune regioni - i reparti di terapia intensiva sono vicini al collasso: \"Ci prepariamo a trasferire i pazienti all'estero nel caso fosse necessario\", cos\u00ec il ministro del lander tedesco Manne Lucha. Le prime disponibilit\u00e0 di ricevere pazienti dalla Lombardia e dalle vicine Francia e Svizzera.<\/p>\n\n\n\n<p>\"Il carico degli ospedali \u00e8 immenso\" - ha detto il Ministro degli Affari sociali e dell'integrazione del Baden-W\u00fcrttemberg - \"e le persone non ce la fanno pi\u00f9\". Da giorni diversi lander tedeschi hanno iniziato a trasferire i i pazienti per il forte carico delle rianimazioni. Dalla Baviera nei giorni scorsi sono arrivati in Italia due pazienti: uno a Bolzano l'altro a Merano<\/p>\n\n\n\n<p>&nbsp;Il prossimo&nbsp;cancelliere tedesco, Olaf Scholz, si \u00e8 detto \"favorevole alla vaccinazione obbligatoria contro il coronavirus\".&nbsp; Scholz - nel corso del vertice con la cancelliera uscente Angela Merkel ed i presidenti dei lander tedeschi dedicato all'emergenza sanitaria - ha detto che come membro del Bundestag, voter\u00e0 a favore del provvedimento se questo verr\u00e0 portato all'attenzione dell'Aula. Il cancelliere in pectore si \u00e8 anche detto favorevole ad un provvedimento che vieti ai non vaccinati l'accesso a tutti gli esercizi commerciali non essenziali. E dopo Scholz&nbsp;anche il probabile prossimo vice cancelliere, Robert Habeck, si \u00e8 dichiarato a favore dell'obbligo di vaccinazione contro il Covid: \"La vaccinazione obbligatoria rappresenta una forte ingerenza nella libert\u00e0 dell'individuo, ma protegge la vita e in ultima analisi la libert\u00e0 della societ\u00e0\", ha detto il co-leader del&nbsp;partito dei Verdi.<\/p>\n\n\n\n<p>\u00c8 stata anticipata a Gioved\u00ec prossimo, 2 Dicembre, la prossima conferenza Stato-Regioni sul Covid in Germania: una settimana prima rispetto a quella programmata in precedenza per il 9. L'annuncio dal ministro presidente della Baviera, Markus Soeder, dopo la consultazione di oggi fra i Laender, Angela Merkel ed il prossimo cancelliere tedesco, Olaf Scholz.<\/p>\n\n\n\n<p>Il&nbsp;Portavoce dell'ex cancelliera Angela Merkel: \"La Germania ha in programma di somministrare fino a 30 milioni di dosi di vaccino, entro Natale\". Il portavoce della Merkel, Steffen Seibert ha detto che si coprir\u00e0 tutto lo spettro delle immunizzazioni \"fra prime seconde e terze dosi\".<\/p>\n\n\n\n<p>E continuano nel paese le richieste di restrizioni pi\u00f9 severe contro la quarta ondata di Covid: Janosch Dahmen - portavoce per la Sanit\u00e0 dei Verdi: in coalizione nel governo prossimo all'insediamento - ha detto che \u00e8 necessario \"un confinamento parziale uniforme in molte regioni del Paese per fermare la quarta ondata\": il politico dei verdi non chiede uno \"shutdown\" generalizzato ma chiusure mirate dove la situazione \u00e8 diventata fuori controllo. Secondo invece Robert Habeck, leader dei verdi - e futuro vice cancelliere e ministro dell'Economia e del Clima - \"Scuole ed asili dovrebbero rimanere aperti, ma con mascherine e se possibile con test quotidiani\".<\/p>\n","protected":false},"excerpt":{"rendered":"<p>Cagliari, 30 Nov 2021 &#8211; Continua in Germania il picco della quarta ondata con contagi in continua crescita ed ora &#8211; in alcune regioni -&#8230;<\/p>\n","protected":false},"author":2,"featured_media":214944,"comment_status":"closed","ping_status":"open","sticky":false,"template":"","format":"standard","meta":[],"categories":[49,51],"tags":[],"_links":{"self":[{"href":"https:\/\/www.cronacaonline.it\/index.php\/wp-json\/wp\/v2\/posts\/214943"}],"collection":[{"href":"https:\/\/www.cronacaonline.it\/index.php\/wp-json\/wp\/v2\/posts"}],"about":[{"href":"https:\/\/www.cronacaonline.it\/index.php\/wp-json\/wp\/v2\/types\/post"}],"author":[{"embeddable":true,"href":"https:\/\/www.cronacaonline.it\/index.php\/wp-json\/wp\/v2\/users\/2"}],"replies":[{"embeddable":true,"href":"https:\/\/www.cronacaonline.it\/index.php\/wp-json\/wp\/v2\/comments?post=214943"}],"version-history":[{"count":1,"href":"https:\/\/www.cronacaonline.it\/index.php\/wp-json\/wp\/v2\/posts\/214943\/revisions"}],"predecessor-version":[{"id":214945,"href":"https:\/\/www.cronacaonline.it\/index.php\/wp-json\/wp\/v2\/posts\/214943\/revisions\/214945"}],"wp:featuredmedia":[{"embeddable":true,"href":"https:\/\/www.cronacaonline.it\/index.php\/wp-json\/wp\/v2\/media\/214944"}],"wp:attachment":[{"href":"https:\/\/www.cronacaonline.it\/index.php\/wp-json\/wp\/v2\/media?parent=214943"}],"wp:term":[{"taxonomy":"category","embeddable":true,"href":"https:\/\/www.cronacaonline.it\/index.php\/wp-json\/wp\/v2\/categories?post=214943"},{"taxonomy":"post_tag","embeddable":true,"href":"https:\/\/www.cronacaonline.it\/index.php\/wp-json\/wp\/v2\/tags?post=214943"}],"curies":[{"name":"wp","href":"https:\/\/api.w.org\/{rel}","templated":true}]}}