{"id":214936,"date":"2021-11-30T15:46:15","date_gmt":"2021-11-30T14:46:15","guid":{"rendered":"https:\/\/www.cronacaonline.it\/?p=214936"},"modified":"2021-11-30T15:46:17","modified_gmt":"2021-11-30T14:46:17","slug":"consiglio-sardegna-commissione-bilancio-approvati-a-maggioranza-il-dl-289-sui-debiti-fuori-bilancio-ed-il-consolidato-della-regione-per-il-2020","status":"publish","type":"post","link":"https:\/\/www.cronacaonline.it\/index.php\/2021\/11\/30\/consiglio-sardegna-commissione-bilancio-approvati-a-maggioranza-il-dl-289-sui-debiti-fuori-bilancio-ed-il-consolidato-della-regione-per-il-2020\/","title":{"rendered":"Consiglio Sardegna &#8211; Commissione Bilancio: approvati a maggioranza il Dl 289 sui debiti fuori bilancio ed il consolidato della Regione per il 2020."},"content":{"rendered":"\n<p>Cagliari, 30 Nov 2021 \u2013 La commissione Bilancio, presieduta da Stefano Schirru (Psd\u2019Az) ha approvato a maggioranza, col voto contrario dell\u2019opposizione, il Disegno di legge n.289 sui debiti fuori bilancio ed il consolidato della Regione per l\u2019esercizio 2020.<\/p>\n\n\n\n<p>Illustrando il Dl 289, che riguarda esclusivamente l\u2019assessorato degli Enti locali e prevede una spesa complessiva di circa 38 milioni, l\u2019assessore Quirico Sanna ha affermato che il provvedimento si \u00e8 reso necessario per intervenire su aspetti essenziali dell\u2019amministrazione regionale relativi a situazioni consolidatesi nel tempo e su problemi collegati al cospicuo patrimonio immobiliare in carico alla Regione. Sanna, tuttavia, ha riconosciuto che il quadro generale fa emergere inefficienze e responsabilit\u00e0 da verificare ed approfondire.<\/p>\n\n\n\n<p>Nel successivo confronto, gli esponenti della minoranza (hanno parlato Massimo Zedda e Francesco Agus dei Progressisti, Alessandro Solinas del M5S, Piero Comandini e Giuseppe Meloni del Pd, Eugenio Lai di Leu) hanno espresso forti osservazioni critiche, sia perch\u00e9 in molti casi i debiti fuori bilancio hanno riguardato attivit\u00e0 gestionali ordinarie sia perch\u00e9, in altre circostanze sono stati assunti impegni di spesa di carattere pluriennale senza copertura finanziaria. Segnali molto negativi, in conclusione, aggravati dal fatto che molte nomine sono state fatte con la massima discrezionalit\u00e0.<\/p>\n\n\n\n<p>Anche da parte della maggioranza, che pure si \u00e8 pronunciata a favore (sono intervenuti il capogruppo del Psd\u2019Az Franco Mula, e i consiglieri Emanuele Cera di Forza Italia, Michele Cossa dei Riformatori, Valerio De Giorgi del Misto e Giorgio Oppi di Udc-Cambiamo) sono arrivati accenti di \u201cpreoccupazione\u201d per il malfunzionamento dell\u2019apparato amministrativo regionale che deve stimolare gli organi di governo e la politica in generale ad una attenta e rigorosa riflessione.<\/p>\n\n\n\n<p>Per quanto riguarda il bilancio consolidato della Regione, riferito cio\u00e8 a tutti i soggetti (enti, agenzie, societ\u00e0 controllate e\/o partecipate) che ne compongono il \u201csistema\u201d, l\u2019assessore della Programmazione Giuseppe Fasolino ha detto che, rispetto al passato, anche accogliendo alcuni rilievi formulati dal consigliere Massimo Zedda, \u00e8 stato possibile costruire un quadro pressoch\u00e9 completo (sono state solo 8 le mancate risposte). E\u2019 vero che la consegna di relazioni economiche e documenti programmatici non \u00e8 obbligatoria, ha precisato, ma non c\u2019\u00e8 dubbio che solo dati puntuali ed aggiornati consentono alla Regione nel suo insieme di operare con coerenza rispetto ai propri obiettivi politici.<\/p>\n\n\n\n<p>Lo stesso Zedda ha sollecitato, in particolare, una dettagliata analisi delle spese del personale estesa a tutto il sistema Regione, in modo da seguire costantemente l\u2019andamento di diversi programmi (concorsi, stabilizzazioni, scorrimenti di graduatorie etc) e riportarlo all\u2019interno dei \u201ctetti\u201d di spesa della finanza pubblica. Il presidente Schirru ha condiviso la richiesta. Com<\/p>\n","protected":false},"excerpt":{"rendered":"<p>Cagliari, 30 Nov 2021 \u2013 La commissione Bilancio, presieduta da Stefano Schirru (Psd\u2019Az) ha approvato a maggioranza, col voto contrario dell\u2019opposizione, il Disegno di legge&#8230;<\/p>\n","protected":false},"author":2,"featured_media":201447,"comment_status":"closed","ping_status":"open","sticky":false,"template":"","format":"standard","meta":[],"categories":[49,52],"tags":[],"_links":{"self":[{"href":"https:\/\/www.cronacaonline.it\/index.php\/wp-json\/wp\/v2\/posts\/214936"}],"collection":[{"href":"https:\/\/www.cronacaonline.it\/index.php\/wp-json\/wp\/v2\/posts"}],"about":[{"href":"https:\/\/www.cronacaonline.it\/index.php\/wp-json\/wp\/v2\/types\/post"}],"author":[{"embeddable":true,"href":"https:\/\/www.cronacaonline.it\/index.php\/wp-json\/wp\/v2\/users\/2"}],"replies":[{"embeddable":true,"href":"https:\/\/www.cronacaonline.it\/index.php\/wp-json\/wp\/v2\/comments?post=214936"}],"version-history":[{"count":1,"href":"https:\/\/www.cronacaonline.it\/index.php\/wp-json\/wp\/v2\/posts\/214936\/revisions"}],"predecessor-version":[{"id":214937,"href":"https:\/\/www.cronacaonline.it\/index.php\/wp-json\/wp\/v2\/posts\/214936\/revisions\/214937"}],"wp:featuredmedia":[{"embeddable":true,"href":"https:\/\/www.cronacaonline.it\/index.php\/wp-json\/wp\/v2\/media\/201447"}],"wp:attachment":[{"href":"https:\/\/www.cronacaonline.it\/index.php\/wp-json\/wp\/v2\/media?parent=214936"}],"wp:term":[{"taxonomy":"category","embeddable":true,"href":"https:\/\/www.cronacaonline.it\/index.php\/wp-json\/wp\/v2\/categories?post=214936"},{"taxonomy":"post_tag","embeddable":true,"href":"https:\/\/www.cronacaonline.it\/index.php\/wp-json\/wp\/v2\/tags?post=214936"}],"curies":[{"name":"wp","href":"https:\/\/api.w.org\/{rel}","templated":true}]}}