{"id":214909,"date":"2021-11-30T06:43:13","date_gmt":"2021-11-30T05:43:13","guid":{"rendered":"https:\/\/www.cronacaonline.it\/?p=214909"},"modified":"2021-11-30T06:43:14","modified_gmt":"2021-11-30T05:43:14","slug":"g7-omicron-altamente-trasmissibile-serve-unazione-urgente","status":"publish","type":"post","link":"https:\/\/www.cronacaonline.it\/index.php\/2021\/11\/30\/g7-omicron-altamente-trasmissibile-serve-unazione-urgente\/","title":{"rendered":"G7: Omicron altamente trasmissibile, serve un&#8217;azione urgente."},"content":{"rendered":"\n<p>Cagliari, 30 Nov 2021 - Allarme alto e necessit\u00e0 di agire con estrema rapidit\u00e0 e con grande coordinamento tra paesi e popoli. Sono le raccomandazioni che escono dalla riunione di emergenza dei ministri della Sanit\u00e0 del G7, convocata da Londra in qualit\u00e0 di presidente di turno. Le considerazioni scaturite dall'incontro lasciano pochi spazi a dubbi: la variante Omicron \u00e8 \"altamente trasmissibile\" e richiede \"un intervento urgente\", hanno dichiarato all'unisono i ministri della Salute dei paesi del G7.<\/p>\n\n\n\n<p>\"La comunit\u00e0 globale si trova, ad una prima&nbsp;valutazione, di fronte alla minaccia di una nuova variante di Covid molto&nbsp;contagiosa, che richiede un'azione tempestiva\", si legge in una nota.<\/p>\n\n\n\n<p>\"I ministri&nbsp;del G7 hanno elogiato il lavoro esemplare del Sudafrica sia&nbsp;nell'individuare la variante sia nell'avvertire gli altri.&nbsp;C'\u00e8 stato un forte sostegno alla creazione di una rete&nbsp;internazionale di sorveglianza dei patogeni nel quadro&nbsp;dell'Oms\". Lo riporta la dichiarazione finale del G7 che ha&nbsp;riunito i ministri della Salute per una riunione urgenze&nbsp;sulla variante Omicron. \"I ministri - aggiunge la nota -&nbsp;hanno inoltre riconosciuto la rilevanza strategica di&nbsp;garantire l'accesso ai vaccini, compresa l'impennata per&nbsp;l'assorbimento dei vaccini e la disponibilit\u00e0 del paese a&nbsp;ricevere e distribuire vaccini Covid, fornendo assistenza&nbsp;operativa, portando avanti i nostri impegni di donazione e&nbsp;affrontando la disinformazione sui vaccini, oltre a sostenere&nbsp;la ricerca e lo sviluppo\". I ministri \"si sono impegnati a&nbsp;riunirsi di nuovo a dicembre\".<\/p>\n\n\n\n<p>\"L'identificazione della variante&nbsp;Omicron nell'area meridionale dell'Africa conferma l'urgenza di&nbsp;fare di pi\u00f9 per vaccinare la popolazione dei Paesi pi\u00f9 fragili,&nbsp;ci sar\u00e0 bisogno del ruolo di coordinamento di Onu e Oms\". Lo ha&nbsp;detto il Ministro della Salute, Speranza, intervenendo al G7 dei&nbsp;ministri della Salute.&nbsp; \"Non basta donare dosi - ha proseguito&nbsp;il Ministro - dobbiamo supportare concretamente chi non ha&nbsp;servizi sanitari strutturati e capillari come i nostri. Occorre&nbsp;essere certi che i vaccini donati vengano effettivamente&nbsp;somministrati e nei Paesi pi\u00f9 fragili per farlo ci sar\u00e0 bisogno&nbsp;del ruolo di coordinamento di Onu e Oms\".<\/p>\n\n\n\n<p>\"Importante incontro di coordinamento dei ministri della Salute del G7 alla luce della variante Omicron. Dobbiamo continuare ad agire velocemente per accrescere gli sforzi delle vaccinazioni, e aumentare la nostra protezione\", scrive su Twitter la commissaria Ue alla Salute, Stella Kyriakides, prendendo parte al G7 di Londra. \"Bisogna indossare le mascherine e mantenere il distanziamento sociale quando occorre\", sottolinea sulle misure per fronteggiare anche la variante Omicron.<\/p>\n\n\n\n<p>Ad&nbsp;oggi sono 33 i casi confermati di variante Omicron segnalati in&nbsp;Europa, fa sapere il Centro europeo per la prevenzione e il&nbsp;controllo delle malattie (Ecdc). Le segnalazioni arrivano da&nbsp;otto Paesi dell'Unione Europea e dello Spazio economico europeo,&nbsp;tra cui l'Italia. Tutti i casi confermati hanno una storia di&nbsp;viaggi in paesi africani, i contagiati sono asintomatici o con&nbsp;sintomi lievi. Il presidente del Consiglio europeo, Charles&nbsp;Michel, \u00e8 al lavoro per organizzare un vertice dei leader dei&nbsp;27. Gli Usa sono \"in stato d'allerta avanzato\" di fronte alla&nbsp;nuova variante: lo ha detto il consigliere della Casa Bianca per&nbsp;la pandemia Anthony Fauci.<\/p>\n\n\n\n<p>La variante Omicron potrebbe avere alla lunga \"gravi conseguenze\", avverte l'Oms. \"La probabilit\u00e0 di una potenziale ulteriore diffusione di Omicron a livello globale \u00e8 elevata\" spiega. Giappone e Nuova Zelanda blindano le frontiere e l'Australia non riapre i confini. \"Mi aspetto che supereremo i 10.000 casi al giorno\" dice l'epidemiologo sudafricano Salim Abdool Karim. Ma per Angelique Coetzee, presidente dell'ordine dei medici del Sudafrica, scopritrice della variante, l'allarme per Omicron nel mondo \u00e8 \"eccessivo\" e la reazione \"spropositata\".<\/p>\n","protected":false},"excerpt":{"rendered":"<p>Cagliari, 30 Nov 2021 &#8211; Allarme alto e necessit\u00e0 di agire con estrema rapidit\u00e0 e con grande coordinamento tra paesi e popoli. Sono le raccomandazioni&#8230;<\/p>\n","protected":false},"author":2,"featured_media":214910,"comment_status":"closed","ping_status":"open","sticky":false,"template":"","format":"standard","meta":[],"categories":[49,50],"tags":[],"_links":{"self":[{"href":"https:\/\/www.cronacaonline.it\/index.php\/wp-json\/wp\/v2\/posts\/214909"}],"collection":[{"href":"https:\/\/www.cronacaonline.it\/index.php\/wp-json\/wp\/v2\/posts"}],"about":[{"href":"https:\/\/www.cronacaonline.it\/index.php\/wp-json\/wp\/v2\/types\/post"}],"author":[{"embeddable":true,"href":"https:\/\/www.cronacaonline.it\/index.php\/wp-json\/wp\/v2\/users\/2"}],"replies":[{"embeddable":true,"href":"https:\/\/www.cronacaonline.it\/index.php\/wp-json\/wp\/v2\/comments?post=214909"}],"version-history":[{"count":1,"href":"https:\/\/www.cronacaonline.it\/index.php\/wp-json\/wp\/v2\/posts\/214909\/revisions"}],"predecessor-version":[{"id":214911,"href":"https:\/\/www.cronacaonline.it\/index.php\/wp-json\/wp\/v2\/posts\/214909\/revisions\/214911"}],"wp:featuredmedia":[{"embeddable":true,"href":"https:\/\/www.cronacaonline.it\/index.php\/wp-json\/wp\/v2\/media\/214910"}],"wp:attachment":[{"href":"https:\/\/www.cronacaonline.it\/index.php\/wp-json\/wp\/v2\/media?parent=214909"}],"wp:term":[{"taxonomy":"category","embeddable":true,"href":"https:\/\/www.cronacaonline.it\/index.php\/wp-json\/wp\/v2\/categories?post=214909"},{"taxonomy":"post_tag","embeddable":true,"href":"https:\/\/www.cronacaonline.it\/index.php\/wp-json\/wp\/v2\/tags?post=214909"}],"curies":[{"name":"wp","href":"https:\/\/api.w.org\/{rel}","templated":true}]}}