{"id":214877,"date":"2021-11-29T10:42:14","date_gmt":"2021-11-29T09:42:14","guid":{"rendered":"https:\/\/www.cronacaonline.it\/?p=214877"},"modified":"2021-11-29T10:42:15","modified_gmt":"2021-11-29T09:42:15","slug":"oms-rischi-molto-alti-relativi-alla-variante-omicron-oggi-vertice-urgente-del-g7","status":"publish","type":"post","link":"https:\/\/www.cronacaonline.it\/index.php\/2021\/11\/29\/oms-rischi-molto-alti-relativi-alla-variante-omicron-oggi-vertice-urgente-del-g7\/","title":{"rendered":"Oms, rischi &#8220;molto alti&#8221; relativi alla variante Omicron. Oggi vertice urgente del G7."},"content":{"rendered":"\n<p>Cagliari, 29 Nov 2021 - La probabilit\u00e0 di una potenziale ulteriore diffusione di Omicron a livello globale \u00e8 elevata: \u00e8 quanto osserva l'Organizzazione mondiale della sanit\u00e0 (Oms), in una scheda tecnica inviata ai 194 Stati membri. Per l'Oms, dunque, \"potrebbero esserci futuri picchi di Covid-19, che potrebbero avere gravi conseguenze, a seconda di una serie di fattori, incluso il luogo in cui potrebbero verificarsi tali picchi\". Il rischio globale complessivo relativo alla nuova variante Omicron \u00e8 comunque valutato dall'Oms come \"molto elevato\".<\/p>\n\n\n\n<p>L'Oms, rende noto che&nbsp;\"ad oggi non sono stati segnalati decessi legati alla variante di Omicron\" e&nbsp;invita ad accelerare la copertura vaccinale anti-Covid \"il pi\u00f9 rapidamente possibile\", specialmente tra le categorie a rischio. Quanto alla chiusura delle frontiere, invece, invita a \"utilizzare un approccio basato sul rischio per adeguare le misure di viaggio internazionali in modo tempestivo.<\/p>\n\n\n\n<p>La Gran Bretagna ha convocato per oggi alle 13:30 una riunione urgente dei ministri della Salute del G7 per discutere sugli sviluppi della pandemia legati alla variante Omicron.<\/p>\n\n\n\n<p>Tutto il mondo teme l'avanzata della nuova variante, che in pochi giorni dalla sua scoperta in Sudafrica ha gi\u00e0 valicato i confini di diversi continenti, dall'Europa all'Oceania. \"\u00c8 una corsa contro il tempo\" per capirne di pi\u00f9 e adottare le contromisure giuste, sottolinea la presidente della Commissione Ue, Ursula von der Leyen.<\/p>\n\n\n\n<p>Sulla Omicron gli scienziati lavorano per capire come si sia sviluppata, quanto sia pericolosa e quanto possa aggirare gli attuali vaccini. Per i&nbsp;medici sudafricani, che per primi si sono trovati a studiarla, i sintomi dei contagiati sono \"lievi\", ma le sue numerose mutazioni (forse 10, rispetto alle 2 della delta e alle 3 della beta) la rendono un ibrido mai visto prima, e quindi degno della massima attenzione.<\/p>\n\n\n\n<p>\"Ci vorranno due-tre settimane per avere una visione completa\", ha spiegato&nbsp;Ursula von der Leyen, rinnovando la sfida ad accelerare con \"vaccini e terza dose\".<\/p>\n\n\n\n<p>In un'intervista a \"La Stampa\" il direttore scientifico di Humanitas Alberto Mantovani afferma che i&nbsp;vaccini garantiscono una certa efficacia&nbsp;anche contro la variante Omicron. \u00c8 infatti \"improbabile\" che il virus \"sfugga del tutto\". L'immunologo ricorda come \"davanti ad altre varianti preoccupanti, come la sudafricana Beta e l'indiana Delta, i vaccini hanno offerto una protezione ridotta, ma significativa\". Importante per l'esperto fare il richiamo anti-Covid. \"La terza dose potrebbe dare una buona protezione per Omicron e predisporre meglio a un'eventuale&nbsp;quarta dose&nbsp;aggiornata\". Anche le terapie potrebbero essere aggiornate: \"Gli anticorpi monoclonali sono legati al virus e dunque si sta verificando\", spiega. Al momento \u00e8 \"difficile parlare di immunit\u00e0 di gregge - prosegue il direttore - non cambia per\u00f2 l'obiettivo di vaccinare il 90% degli italiani\".<\/p>\n\n\n\n<p>Lo spettro di un'ennesima accelerazione della pandemia sta facendo tornare restrizioni e confini blindati che si sperava fossero stati archiviati dopo il 2020. Come in Israele e Marocco che hanno chiuso le frontiere nel giorno in cui in Olanda \u00e8 entrato in vigore il semi-lockdown. Non chiude invece il Sudafrica, che per\u00f2 valuta l'ipotesi di un obbligo vaccinale. Anche il Giappone ha annunciato che vieter\u00e0 l'ingresso di tutti i cittadini stranieri a partire dal 30 novembre.<\/p>\n\n\n\n<p>In Europa la Gran Bretagna ha la lista rossa pi\u00f9 lunga tra i paesi dell'Africa australe da cui \u00e8 vietato viaggiare, ma a Londra vogliono rafforzare le proprie difese. Nel Regno sono stati registrati tre casi di Omicron ed in gioco c'\u00e8 la possibilit\u00e0 di \"godersi il Natale con le famiglie\", ha sottolineato il ministro della Salute, Sajid Javid, e marted\u00ec scatter\u00e0 l'obbligo di mascherina nei negozi e nei trasporti, e l'obbligo di test molecolare per tutti gli arrivi, con quarantena fino al risultato.<\/p>\n\n\n\n<p>Nel vecchio continente la nuova variante continua a crescere in sempre pi\u00f9 paesi, e tutti i positivi sono persone in arrivo dall'Africa australe. La Danimarca si \u00e8 aggiunta a Belgio, Repubblica Ceca, Italia e Germania, c'\u00e8 un caso sospetto in Austria. Poi c'\u00e8 l'Olanda, dove quasi sicuramente ci sono diverse decine di casi di Omicron (almeno 13 accertati) tra i passeggeri di due voli di rientro dal Sudafrica. Proprio in Olanda \u00e8 appena scattato il semi-confinamento, con la chiusura di ristoranti, bar, negozi non essenziali, cinema dalle 17 alle 5: un giro di vite deciso prima dell'arrivo di Omicron, ma che forse pu\u00f2 scongiurarne il dilagare.<\/p>\n\n\n\n<p>La nuova variante, grazie ai voli intercontinentali, \u00e8 in grado di percorrere migliaia di chilometri. Cos\u00ec dall'Africa \u00e8 arrivata fino in Australia ed in Asia, con i primi casi a Hong Kong. Negli Usa \"colpir\u00e0 inevitabilmente\", ha sottolineato il virologo Anthony Fauci, puntando il dito contro un tasso di vaccinazione stagnante che rischia di portare ad una \"quinta ondata\". In serata, il governo del Canada ha confermato i primi due casi. Si tratta di due persone in isolamento ad Ottawa, reduci da un viaggio in Nigeria.<\/p>\n\n\n\n<p>In Sudafrica, da quanto Omicron \u00e8 stata rilevata, il tasso di positivit\u00e0 \u00e8 schizzato al 9,2%. Mancano ancora i dati su quanti contagi siano legati alla variante, ma gli esperti internazionali ritengono che con vaccinazioni cos\u00ec basse (il 24% della popolazione) il nuovo ceppo potr\u00e0 fare pi\u00f9 danni rispetto a paesi in cui sono gi\u00e0 partite le terze dosi.<\/p>\n\n\n\n<p>A&nbsp;Citt\u00e0 del Capo, tuttavia, l'attesa nuova stretta per contenere il virus non c'\u00e8 stata. Il presidente Cyril Ramaphosa, parlando alla nazione, ha annunciato soltanto l'istituzione di un gruppo di lavoro per valutare la possibilit\u00e0 di un obbligo vaccinale \"per attivit\u00e0 e luoghi specifici\". E ha lanciato un appello al mondo perch\u00e9 elimini il bando \"punitivo\" dei voli. Un appello rilanciato oggi anche dall'Oms.<\/p>\n\n\n\n<p>Il presidente sudafricano Cyril Ramaphosa ha reso noto&nbsp;che le autorit\u00e0 stanno valutando se&nbsp;rendere obbligatorio il vaccino&nbsp;contro il&nbsp;Covid-19 per determinati luoghi e attivit\u00e0, in modo da far fronte all'aumento&nbsp;dei contagi legati alla nuova variante Omicron, una variante che minaccia di&nbsp;scatenare una quarta ondata nel Paese. Ramaphosa, che ha parlato alla nazione, ha spiegato - riferisce la Reuters - che&nbsp;il vaccino potrebbe diventare \"una condizione per l'accesso ai luoghi di lavoro,&nbsp;agli eventi pubblici, ai trasporti pubblici e alle istituzioni pubbliche\". Se il&nbsp;Paese non considera l'opzione del vaccino obbligatorio, \"continuer\u00e0 ad essere&nbsp;vulnerabile a nuove varianti e continuer\u00e0 a subire nuove ondate di contagi\".<\/p>\n","protected":false},"excerpt":{"rendered":"<p>Cagliari, 29 Nov 2021 &#8211; La probabilit\u00e0 di una potenziale ulteriore diffusione di Omicron a livello globale \u00e8 elevata: \u00e8 quanto osserva l&#8217;Organizzazione mondiale della&#8230;<\/p>\n","protected":false},"author":2,"featured_media":214775,"comment_status":"closed","ping_status":"open","sticky":false,"template":"","format":"standard","meta":[],"categories":[49,50],"tags":[],"_links":{"self":[{"href":"https:\/\/www.cronacaonline.it\/index.php\/wp-json\/wp\/v2\/posts\/214877"}],"collection":[{"href":"https:\/\/www.cronacaonline.it\/index.php\/wp-json\/wp\/v2\/posts"}],"about":[{"href":"https:\/\/www.cronacaonline.it\/index.php\/wp-json\/wp\/v2\/types\/post"}],"author":[{"embeddable":true,"href":"https:\/\/www.cronacaonline.it\/index.php\/wp-json\/wp\/v2\/users\/2"}],"replies":[{"embeddable":true,"href":"https:\/\/www.cronacaonline.it\/index.php\/wp-json\/wp\/v2\/comments?post=214877"}],"version-history":[{"count":1,"href":"https:\/\/www.cronacaonline.it\/index.php\/wp-json\/wp\/v2\/posts\/214877\/revisions"}],"predecessor-version":[{"id":214878,"href":"https:\/\/www.cronacaonline.it\/index.php\/wp-json\/wp\/v2\/posts\/214877\/revisions\/214878"}],"wp:featuredmedia":[{"embeddable":true,"href":"https:\/\/www.cronacaonline.it\/index.php\/wp-json\/wp\/v2\/media\/214775"}],"wp:attachment":[{"href":"https:\/\/www.cronacaonline.it\/index.php\/wp-json\/wp\/v2\/media?parent=214877"}],"wp:term":[{"taxonomy":"category","embeddable":true,"href":"https:\/\/www.cronacaonline.it\/index.php\/wp-json\/wp\/v2\/categories?post=214877"},{"taxonomy":"post_tag","embeddable":true,"href":"https:\/\/www.cronacaonline.it\/index.php\/wp-json\/wp\/v2\/tags?post=214877"}],"curies":[{"name":"wp","href":"https:\/\/api.w.org\/{rel}","templated":true}]}}