{"id":214859,"date":"2021-11-28T15:51:08","date_gmt":"2021-11-28T14:51:08","guid":{"rendered":"https:\/\/www.cronacaonline.it\/?p=214859"},"modified":"2021-11-28T15:51:10","modified_gmt":"2021-11-28T14:51:10","slug":"allarme-dei-governi-europei-sulla-variante-omicron-speranza-guardia-alta-ma-non-precipitiamo-i-giudizi","status":"publish","type":"post","link":"https:\/\/www.cronacaonline.it\/index.php\/2021\/11\/28\/allarme-dei-governi-europei-sulla-variante-omicron-speranza-guardia-alta-ma-non-precipitiamo-i-giudizi\/","title":{"rendered":"Allarme dei governi europei sulla variante Omicron, Speranza: &#8220;Guardia alta, ma non precipitiamo i giudizi&#8221;."},"content":{"rendered":"\n<p>Roma, 28 Nov 2021 - \"Credo sia troppo presto per sentenze definitive su questa mutazione. Ci sono elementi di preoccupazione ma non dobbiamo trarre conclusioni che non sono alla nostra portata. Siamo ancora in una fase epidemica significativa ma lo eravamo ancora prima che arrivasse questa variante. Non affrettiamo conclusioni, ho molta fiducia, solo 11 mesi fa eravamo senza vaccini\". Cos\u00ec il ministro della Salute Roberto Speranza ospite a Mezz'ora in pi\u00f9 su Rai3: \" \u00c8 giusto prendere precauzioni ma non precipitiamo i giudizi\".<\/p>\n\n\n\n<p>\"Le mascherine&nbsp;sono decisive, possono fare la differenza assieme alle altre misure. I nostri numeri sono fra i bassi in Europa. Non mi sorprende che la Gran Bretagna&nbsp;abbia ora alzato le misure\" ha aggiunto Speranza. \"Le informazioni sono arrivate poche ore prima che venissero diffuse. Un anno fa c'erano 829 decessi, ora meno di 100 con misure limitatissime e grazie ai vaccini\".<\/p>\n\n\n\n<p>\"La situazione \u00e8&nbsp;seria e non pu\u00f2 essere sottovalutata, ma va ponderata con gli esperti\"&nbsp;ha sottolineato il ministro detto. \u201c\u00c8 un bene per il mondo che ora esista una rete di allerta. Capiremo quanto il rischio \u00e8&nbsp;serio solo quando capiremo gli effetti sui vaccini\". Speranza ha riferito di avere avuto informazioni sulla variante nel pomeriggio prima di chiudere i voli.<\/p>\n\n\n\n<p>\"Servir\u00e0&nbsp;qualche settimana di approfondimenti valutando il caso in Sud Africa da dove arrivano informazioni. E' sbagliato anticipare le conclusioni. I vaccini funzionano benissimo\", intanto \"abbiamo deciso di aumentare le sequenze sui casi per capire se c'\u00e8&nbsp;una presenza pi\u00f9 significativa nel nostro paese. \u00c8 evidente che \u00e8&nbsp;gi\u00e0&nbsp;entrata in tante comunit\u00e0\".<\/p>\n\n\n\n<p>\"Nessun problema a vaccinare i miei figli, ho parlato con loro e seguir\u00f2 le indicazioni della comunit\u00e0 scientifica\", ha detto il ministro, che ha 2 figli tra i 5 e gli 11 anni. \"I&nbsp;miei figli - ha aggiunto - ritengono questo virus un grande nimico\". \"Bisogna fare riferimenti ai pediatri. Capisco che vaccinare i piccoli sia un tema delicato, quindi i genitori parlino con i pediatri. Abbiamo la fortuna - ha concluso - di avere pediatri tra i migliori al mondo\".<\/p>\n","protected":false},"excerpt":{"rendered":"<p>Roma, 28 Nov 2021 &#8211; &#8220;Credo sia troppo presto per sentenze definitive su questa mutazione. Ci sono elementi di preoccupazione ma non dobbiamo trarre conclusioni&#8230;<\/p>\n","protected":false},"author":2,"featured_media":214021,"comment_status":"closed","ping_status":"open","sticky":false,"template":"","format":"standard","meta":[],"categories":[49,50],"tags":[],"_links":{"self":[{"href":"https:\/\/www.cronacaonline.it\/index.php\/wp-json\/wp\/v2\/posts\/214859"}],"collection":[{"href":"https:\/\/www.cronacaonline.it\/index.php\/wp-json\/wp\/v2\/posts"}],"about":[{"href":"https:\/\/www.cronacaonline.it\/index.php\/wp-json\/wp\/v2\/types\/post"}],"author":[{"embeddable":true,"href":"https:\/\/www.cronacaonline.it\/index.php\/wp-json\/wp\/v2\/users\/2"}],"replies":[{"embeddable":true,"href":"https:\/\/www.cronacaonline.it\/index.php\/wp-json\/wp\/v2\/comments?post=214859"}],"version-history":[{"count":1,"href":"https:\/\/www.cronacaonline.it\/index.php\/wp-json\/wp\/v2\/posts\/214859\/revisions"}],"predecessor-version":[{"id":214860,"href":"https:\/\/www.cronacaonline.it\/index.php\/wp-json\/wp\/v2\/posts\/214859\/revisions\/214860"}],"wp:featuredmedia":[{"embeddable":true,"href":"https:\/\/www.cronacaonline.it\/index.php\/wp-json\/wp\/v2\/media\/214021"}],"wp:attachment":[{"href":"https:\/\/www.cronacaonline.it\/index.php\/wp-json\/wp\/v2\/media?parent=214859"}],"wp:term":[{"taxonomy":"category","embeddable":true,"href":"https:\/\/www.cronacaonline.it\/index.php\/wp-json\/wp\/v2\/categories?post=214859"},{"taxonomy":"post_tag","embeddable":true,"href":"https:\/\/www.cronacaonline.it\/index.php\/wp-json\/wp\/v2\/tags?post=214859"}],"curies":[{"name":"wp","href":"https:\/\/api.w.org\/{rel}","templated":true}]}}