{"id":214790,"date":"2021-11-27T10:00:57","date_gmt":"2021-11-27T09:00:57","guid":{"rendered":"https:\/\/www.cronacaonline.it\/?p=214790"},"modified":"2021-11-27T10:00:59","modified_gmt":"2021-11-27T09:00:59","slug":"energia-lassessora-anita-pili-da-regione-sarda-nessun-benestare-a-bozza-decreto-attendiamo-di-essere-consultati","status":"publish","type":"post","link":"https:\/\/www.cronacaonline.it\/index.php\/2021\/11\/27\/energia-lassessora-anita-pili-da-regione-sarda-nessun-benestare-a-bozza-decreto-attendiamo-di-essere-consultati\/","title":{"rendered":"Energia, l&#8217;assessora Anita Pili: da Regione Sarda nessun benestare a bozza decreto, attendiamo di essere consultati."},"content":{"rendered":"\n<p>Cagliari, 27 Com 2021 -\u00a0Nessun benestare della Regione alla bozza del DPCM sul sistema energetico della Sardegna. Anzi, la Giunta non \u00e8 stata nemmeno consultata e attende un momento di confronto per esporre le proprie esigenze e le proprie ragioni.<\/p>\n\n\n\n<p>Il chiarimento viene dall'assessora all'Industria Anita Pili, che risponde anche alle accuse di inerzia rivolte dalla Viceministra dello Sviluppo Economico Alessandra Todde.<\/p>\n\n\n\n<p>Dichiarazioni gravi, dice l'assessora Pili, e non corrispondenti al vero. La Regione, chiarisce, non ha dato alcun benestare alla bozza di DPCM circolata, e anzi, ricorda l'assessora Pili, aveva gi\u00e0 pubblicamente espresso le proprie perplessit\u00e0 all\u2019indomani della trasmissione informale del documento da parte del gabinetto del Ministro.<\/p>\n\n\n\n<p>La stessa Regione, a differenza di ci\u00f2 che la vice ministra afferma, ha pi\u00f9 volte lamentato la sua esclusione dai tavoli tecnici, ai quali non \u00e8 stata invitata a partecipare. Fino ad ora, le uniche interlocuzioni avvenute sono state di carattere generale e politico, e in esse abbiamo sempre sottolineato che la Sardegna merita maggiore attenzione. Ribadiamo con forza, ancora una volta, la nostra richiesta di perequazione del costo del metano per tutti gli utenti sardi e quindi per le famiglie.<\/p>\n\n\n\n<p>La bozza del DPCM \u00e8 dunque frutto della personale visione, che noi non condividiamo, di chi ci rappresenta nell\u2019esecutivo nazionale, e non certamente quanto da noi pi\u00f9 volte espresso e comunicato sia nelle riunioni ufficiali, sia nei documenti trasmessi. Auspico, dice ancora l'assessora Pili, che di fronte a temi cos\u00ec importanti per il futuro della nostra Isola e il benessere dei cittadini, tutti possiamo essere capaci di superare le divisioni politiche e di combattere uniti per assicurare i migliori risultati alla Sardegna. Com<\/p>\n","protected":false},"excerpt":{"rendered":"<p>Cagliari, 27 Com 2021 &#8211;\u00a0Nessun benestare della Regione alla bozza del DPCM sul sistema energetico della Sardegna. Anzi, la Giunta non \u00e8 stata nemmeno consultata&#8230;<\/p>\n","protected":false},"author":2,"featured_media":208529,"comment_status":"closed","ping_status":"open","sticky":false,"template":"","format":"standard","meta":[],"categories":[49,52],"tags":[],"_links":{"self":[{"href":"https:\/\/www.cronacaonline.it\/index.php\/wp-json\/wp\/v2\/posts\/214790"}],"collection":[{"href":"https:\/\/www.cronacaonline.it\/index.php\/wp-json\/wp\/v2\/posts"}],"about":[{"href":"https:\/\/www.cronacaonline.it\/index.php\/wp-json\/wp\/v2\/types\/post"}],"author":[{"embeddable":true,"href":"https:\/\/www.cronacaonline.it\/index.php\/wp-json\/wp\/v2\/users\/2"}],"replies":[{"embeddable":true,"href":"https:\/\/www.cronacaonline.it\/index.php\/wp-json\/wp\/v2\/comments?post=214790"}],"version-history":[{"count":1,"href":"https:\/\/www.cronacaonline.it\/index.php\/wp-json\/wp\/v2\/posts\/214790\/revisions"}],"predecessor-version":[{"id":214792,"href":"https:\/\/www.cronacaonline.it\/index.php\/wp-json\/wp\/v2\/posts\/214790\/revisions\/214792"}],"wp:featuredmedia":[{"embeddable":true,"href":"https:\/\/www.cronacaonline.it\/index.php\/wp-json\/wp\/v2\/media\/208529"}],"wp:attachment":[{"href":"https:\/\/www.cronacaonline.it\/index.php\/wp-json\/wp\/v2\/media?parent=214790"}],"wp:term":[{"taxonomy":"category","embeddable":true,"href":"https:\/\/www.cronacaonline.it\/index.php\/wp-json\/wp\/v2\/categories?post=214790"},{"taxonomy":"post_tag","embeddable":true,"href":"https:\/\/www.cronacaonline.it\/index.php\/wp-json\/wp\/v2\/tags?post=214790"}],"curies":[{"name":"wp","href":"https:\/\/api.w.org\/{rel}","templated":true}]}}