{"id":214781,"date":"2021-11-26T19:28:47","date_gmt":"2021-11-26T18:28:47","guid":{"rendered":"https:\/\/www.cronacaonline.it\/?p=214781"},"modified":"2021-11-26T19:28:48","modified_gmt":"2021-11-26T18:28:48","slug":"rai-il-presidente-solinas-inaccettabile-cancellazione-del-tg-regionale-della-notte-il-servizio-pubblico-deve-essere-garantito","status":"publish","type":"post","link":"https:\/\/www.cronacaonline.it\/index.php\/2021\/11\/26\/rai-il-presidente-solinas-inaccettabile-cancellazione-del-tg-regionale-della-notte-il-servizio-pubblico-deve-essere-garantito\/","title":{"rendered":"Rai, il presidente Solinas: inaccettabile cancellazione del Tg Regionale della notte, il servizio pubblico deve essere garantito."},"content":{"rendered":"\n<p>Cagliari, 26 Nov 2021\u00a0- Preoccupa la decisione annunciata dall\u2019Ad della Rai di cancellare dal palinsesto della terza rete il tg regionale della notte.<\/p>\n\n\n\n<p>Lo afferma il Presidente della Regione Christian Solinas.<\/p>\n\n\n\n<p>Tale scelta, che appare non motivata da dati di ascolto non inferiori alla media nel difficile attuale orario di messa in onda, lo \u00e8 ancor meno in relazione al ruolo di servizio pubblico che la Rai deve svolgere proprio partendo dalle realt\u00e0 territoriali, cardine del suo compito istituzionale.<\/p>\n\n\n\n<p>La Sardegna, regione in cui l\u2019editoria vive forse pi\u00f9 che in altri luoghi un momento di difficolt\u00e0, non pu\u00f2 essere privata di una finestra informativa importante, garanzia di un\u2019informazione plurale e libera.&nbsp;<\/p>\n\n\n\n<p>Auspico, conclude il Presidente Solinas, che le varie voci contrarie a questa ipotesi, in campo politico e sindacale, siano ascoltate, e che l\u2019azienda riveda questa decisione. Com<\/p>\n","protected":false},"excerpt":{"rendered":"<p>Cagliari, 26 Nov 2021\u00a0&#8211; Preoccupa la decisione annunciata dall\u2019Ad della Rai di cancellare dal palinsesto della terza rete il tg regionale della notte. Lo afferma&#8230;<\/p>\n","protected":false},"author":2,"featured_media":209578,"comment_status":"closed","ping_status":"open","sticky":false,"template":"","format":"standard","meta":[],"categories":[49,52],"tags":[],"_links":{"self":[{"href":"https:\/\/www.cronacaonline.it\/index.php\/wp-json\/wp\/v2\/posts\/214781"}],"collection":[{"href":"https:\/\/www.cronacaonline.it\/index.php\/wp-json\/wp\/v2\/posts"}],"about":[{"href":"https:\/\/www.cronacaonline.it\/index.php\/wp-json\/wp\/v2\/types\/post"}],"author":[{"embeddable":true,"href":"https:\/\/www.cronacaonline.it\/index.php\/wp-json\/wp\/v2\/users\/2"}],"replies":[{"embeddable":true,"href":"https:\/\/www.cronacaonline.it\/index.php\/wp-json\/wp\/v2\/comments?post=214781"}],"version-history":[{"count":1,"href":"https:\/\/www.cronacaonline.it\/index.php\/wp-json\/wp\/v2\/posts\/214781\/revisions"}],"predecessor-version":[{"id":214782,"href":"https:\/\/www.cronacaonline.it\/index.php\/wp-json\/wp\/v2\/posts\/214781\/revisions\/214782"}],"wp:featuredmedia":[{"embeddable":true,"href":"https:\/\/www.cronacaonline.it\/index.php\/wp-json\/wp\/v2\/media\/209578"}],"wp:attachment":[{"href":"https:\/\/www.cronacaonline.it\/index.php\/wp-json\/wp\/v2\/media?parent=214781"}],"wp:term":[{"taxonomy":"category","embeddable":true,"href":"https:\/\/www.cronacaonline.it\/index.php\/wp-json\/wp\/v2\/categories?post=214781"},{"taxonomy":"post_tag","embeddable":true,"href":"https:\/\/www.cronacaonline.it\/index.php\/wp-json\/wp\/v2\/tags?post=214781"}],"curies":[{"name":"wp","href":"https:\/\/api.w.org\/{rel}","templated":true}]}}