{"id":214772,"date":"2021-11-26T16:48:36","date_gmt":"2021-11-26T15:48:36","guid":{"rendered":"https:\/\/www.cronacaonline.it\/?p=214772"},"modified":"2021-11-26T16:48:37","modified_gmt":"2021-11-26T15:48:37","slug":"sardegna-dichiarazione-di-romina-mura-pd-su-niente-aereo-per-bimbo-in-barella-regione-risolva-nellimmediato-e-pensi-a-bando-futuro","status":"publish","type":"post","link":"https:\/\/www.cronacaonline.it\/index.php\/2021\/11\/26\/sardegna-dichiarazione-di-romina-mura-pd-su-niente-aereo-per-bimbo-in-barella-regione-risolva-nellimmediato-e-pensi-a-bando-futuro\/","title":{"rendered":"Sardegna: dichiarazione di Romina Mura (Pd) su niente aereo per bimbo in barella. \u201cRegione risolva nell&#8217;immediato e pensi a bando futuro\u201d."},"content":{"rendered":"\n<p>Cagliari, 26 Nov 2021 - \u201cIl caso del bimbo bloccato nella penisola perch\u00e9 nessuna compagnia aerea \u00e8 disponibile a imbarcare e portare in Sardegna una persona in barella, si pu\u00f2 definire solo uno scandalo. Oltre che ovviamente una flagrante violazione del diritto fondamentale di spostarsi aggravata dalle condizioni di salute.<\/p>\n\n\n\n<p>\u00c8 incredibile che il servizio offerto da Volotea non garantisca il trasporto barella: l'aggiudicazione della gara per garantire in urgenza la continuit\u00e0 territoriale aerea non pu\u00f2 consentire un'oggettiva discriminazione che colpisce gli individui pi\u00f9 fragili\u201d. Lo afferma in una nota la presidente della commissione Lavoro della Camera Romina Mura (Pd), a seguito di quanto occorso a una famiglia sarda, bloccata a Roma per la mancanza di voli che accogliessero il loro figlio costretto in barella per gravi motivi di salute.<\/p>\n\n\n\n<p>\u201cOltre a impegnarsi a risolvere questa situazione nell'immediato \u2013 conclude il comunicato della parlamentare \u2013 bisogna che la Regione gi\u00e0 da ora guardi al futuro. Dopo la firma dei decreti per avviare le procedure per l'assegnazione dei servizi di continuit\u00e0 territoriale che partiranno dal 15 maggio del prossimo anni, la Regione si muova per tempo e prepari a regola d'arte i bandi, costruendo i meccanismi affinch\u00e9 tutti i servizi essenziali siano comunque garantiti\u201d. Red<\/p>\n","protected":false},"excerpt":{"rendered":"<p>Cagliari, 26 Nov 2021 &#8211; \u201cIl caso del bimbo bloccato nella penisola perch\u00e9 nessuna compagnia aerea \u00e8 disponibile a imbarcare e portare in Sardegna una&#8230;<\/p>\n","protected":false},"author":2,"featured_media":211547,"comment_status":"closed","ping_status":"open","sticky":false,"template":"","format":"standard","meta":[],"categories":[49,52],"tags":[],"_links":{"self":[{"href":"https:\/\/www.cronacaonline.it\/index.php\/wp-json\/wp\/v2\/posts\/214772"}],"collection":[{"href":"https:\/\/www.cronacaonline.it\/index.php\/wp-json\/wp\/v2\/posts"}],"about":[{"href":"https:\/\/www.cronacaonline.it\/index.php\/wp-json\/wp\/v2\/types\/post"}],"author":[{"embeddable":true,"href":"https:\/\/www.cronacaonline.it\/index.php\/wp-json\/wp\/v2\/users\/2"}],"replies":[{"embeddable":true,"href":"https:\/\/www.cronacaonline.it\/index.php\/wp-json\/wp\/v2\/comments?post=214772"}],"version-history":[{"count":1,"href":"https:\/\/www.cronacaonline.it\/index.php\/wp-json\/wp\/v2\/posts\/214772\/revisions"}],"predecessor-version":[{"id":214773,"href":"https:\/\/www.cronacaonline.it\/index.php\/wp-json\/wp\/v2\/posts\/214772\/revisions\/214773"}],"wp:featuredmedia":[{"embeddable":true,"href":"https:\/\/www.cronacaonline.it\/index.php\/wp-json\/wp\/v2\/media\/211547"}],"wp:attachment":[{"href":"https:\/\/www.cronacaonline.it\/index.php\/wp-json\/wp\/v2\/media?parent=214772"}],"wp:term":[{"taxonomy":"category","embeddable":true,"href":"https:\/\/www.cronacaonline.it\/index.php\/wp-json\/wp\/v2\/categories?post=214772"},{"taxonomy":"post_tag","embeddable":true,"href":"https:\/\/www.cronacaonline.it\/index.php\/wp-json\/wp\/v2\/tags?post=214772"}],"curies":[{"name":"wp","href":"https:\/\/api.w.org\/{rel}","templated":true}]}}