{"id":214762,"date":"2021-11-26T14:51:33","date_gmt":"2021-11-26T13:51:33","guid":{"rendered":"https:\/\/www.cronacaonline.it\/?p=214762"},"modified":"2021-11-26T14:51:35","modified_gmt":"2021-11-26T13:51:35","slug":"il-primo-dicembre-prossimo-conferenza-regionale-per-le-politiche-del-lavoro-2021","status":"publish","type":"post","link":"https:\/\/www.cronacaonline.it\/index.php\/2021\/11\/26\/il-primo-dicembre-prossimo-conferenza-regionale-per-le-politiche-del-lavoro-2021\/","title":{"rendered":"Il Primo dicembre prossimo conferenza regionale per le politiche del lavoro 2021."},"content":{"rendered":"\n<p>Cagliari, 26 novembre 2021\u00a0-\u00a0Mercoled\u00ec 1 dicembre si terr\u00e0 la Conferenza Regionale 2021 \u201cSardegnalavora. Idee guida e parole chiave per lo sviluppo dell\u2019occupazione\u201d, promossa dall\u2019Assessorato del Lavoro, Formazione Professionale, Cooperazione e Sicurezza Sociale con il supporto dell\u2019Agenzia sarda per le politiche attive del lavoro ASPAL).<\/p>\n\n\n\n<p>L\u2019incontro annuale, previsto dalla L. R. n. 9 del 2016, sar\u00e0 come sempre un\u2019importante occasione di confronto e partecipazione delle rappresentanze istituzionali ed economico-sociali alla formulazione di orientamenti e proposte in merito alla strategia regionale in materia di lavoro.<\/p>\n\n\n\n<p>Obiettivo dell\u2019edizione 2021, dice il Presidente della Regione Christian Solinas, \u00e8 tratteggiare lo stato dell\u2019arte e gli scenari pi\u00f9 probabili per il mercato del lavoro in Sardegna, offrendo ampio spazio a tutte le parti chiamate a fornire il proprio contributo in una fase di forte ripresa dell\u2019economia sarda, attestata anche dal recente report di Bankitalia, che evidenzia numerosi e significativi indicatori positivi per la nostra Isola, sia per quanto riguarda il mercato del lavoro, che per la vitalit\u00e0 delle nostre imprese.<\/p>\n\n\n\n<p>La Conferenza sar\u00e0 presieduta dall\u2019assessora regionale al Lavoro Alessandra Zedda, che evidenzia l\u2019importanza dell\u2019evento in un momento cos\u00ec delicato per l\u2019economia, caratterizzato, dice, dalla forte volont\u00e0 di ripresa del mondo imprenditoriale della Sardegna. Il report Bankitalia, sottolinea l\u2019assessora, offre molti spunti positivi per programmare, insieme alle altre Istituzioni e alle forze sociali, una stagione di ripresa del mercato del lavoro.&nbsp;<\/p>\n\n\n\n<p>I temi al centro del dibattito, Lavoro e dignit\u00e0, Next Generation Sardinia, Linee di tendenza del mercato del lavoro, Sistema duale, saranno sviluppati, sottolinea l\u2019assessora Zedda, da relatori di primaria importanza in rappresentanza della Commissione europea, del Ministero del Lavoro, dell\u2019Agenzia Nazionale per le Politiche Attive del Lavoro (Anpal), dell\u2019Istituto Nazionale di Analisi per le Politiche Pubbliche (Inapp), della delegazione in Sardegna della Banca d\u2019Italia, dell\u2019Universit\u00e0 degli Studi di Cagliari, del Crenos, di MetropolisNet insieme a Jobiri, di ACR+ insieme alla Direzione generale della Difesa dell\u2019Ambiente della Regione Autonoma della Sardegna, della Societ\u00e0 Anpal Servizi, dell\u2019Agenzia sarda per le politiche attive del lavoro (Aspal), di SardegnaRicerche, dell\u2019 Autorit\u00e0 di Gestione del Fondo Sociale Europeo per la Sardegna.<\/p>\n\n\n\n<p>La Conferenza si svolger\u00e0 in modalit\u00e0 a distanza dalle ore 9.00 alle 18.30, e potr\u00e0 essere seguita in diretta streaming sulla pagina Facebook della Regione Autonoma della Sardegna e sul portale tematico dedicato al Lavoro<a href=\"http:\/\/www.sardegnalavoro.it\/\" target=\"_blank\" rel=\"noreferrer noopener\">&nbsp;http:\/\/www.sardegnalavoro.it\/.&nbsp;<\/a>Per ciascuna sessione tematica \u00e8 previsto un momento di interazione digitale tra tutti i partecipanti in videoconferenza e in diretta streaming.<\/p>\n\n\n\n<p>Inviando una email all\u2019indirizzo<a href=\"javascript:webmail.View.mailto(%7bmailto:'sardegnalavora2021%40regione.sardegna.it',%20subject:%20''%7d)\">&nbsp;sardegnalavora2021@regione.sardegna.it&nbsp;<\/a>sar\u00e0 possibile proporre delle domande per i relatori e contributi utili per lo sviluppo del dibattito sulle diverse tematiche. Com<\/p>\n","protected":false},"excerpt":{"rendered":"<p>Cagliari, 26 novembre 2021\u00a0&#8211;\u00a0Mercoled\u00ec 1 dicembre si terr\u00e0 la Conferenza Regionale 2021 \u201cSardegnalavora. Idee guida e parole chiave per lo sviluppo dell\u2019occupazione\u201d, promossa dall\u2019Assessorato del&#8230;<\/p>\n","protected":false},"author":2,"featured_media":203218,"comment_status":"closed","ping_status":"open","sticky":false,"template":"","format":"standard","meta":[],"categories":[49,52],"tags":[],"_links":{"self":[{"href":"https:\/\/www.cronacaonline.it\/index.php\/wp-json\/wp\/v2\/posts\/214762"}],"collection":[{"href":"https:\/\/www.cronacaonline.it\/index.php\/wp-json\/wp\/v2\/posts"}],"about":[{"href":"https:\/\/www.cronacaonline.it\/index.php\/wp-json\/wp\/v2\/types\/post"}],"author":[{"embeddable":true,"href":"https:\/\/www.cronacaonline.it\/index.php\/wp-json\/wp\/v2\/users\/2"}],"replies":[{"embeddable":true,"href":"https:\/\/www.cronacaonline.it\/index.php\/wp-json\/wp\/v2\/comments?post=214762"}],"version-history":[{"count":1,"href":"https:\/\/www.cronacaonline.it\/index.php\/wp-json\/wp\/v2\/posts\/214762\/revisions"}],"predecessor-version":[{"id":214763,"href":"https:\/\/www.cronacaonline.it\/index.php\/wp-json\/wp\/v2\/posts\/214762\/revisions\/214763"}],"wp:featuredmedia":[{"embeddable":true,"href":"https:\/\/www.cronacaonline.it\/index.php\/wp-json\/wp\/v2\/media\/203218"}],"wp:attachment":[{"href":"https:\/\/www.cronacaonline.it\/index.php\/wp-json\/wp\/v2\/media?parent=214762"}],"wp:term":[{"taxonomy":"category","embeddable":true,"href":"https:\/\/www.cronacaonline.it\/index.php\/wp-json\/wp\/v2\/categories?post=214762"},{"taxonomy":"post_tag","embeddable":true,"href":"https:\/\/www.cronacaonline.it\/index.php\/wp-json\/wp\/v2\/tags?post=214762"}],"curies":[{"name":"wp","href":"https:\/\/api.w.org\/{rel}","templated":true}]}}