{"id":214687,"date":"2021-11-25T11:21:56","date_gmt":"2021-11-25T10:21:56","guid":{"rendered":"https:\/\/www.cronacaonline.it\/?p=214687"},"modified":"2021-11-25T11:21:58","modified_gmt":"2021-11-25T10:21:58","slug":"mattarella-la-violenza-contro-le-donne-e-un-fallimento-della-nostra-societa-nel-suo-insieme","status":"publish","type":"post","link":"https:\/\/www.cronacaonline.it\/index.php\/2021\/11\/25\/mattarella-la-violenza-contro-le-donne-e-un-fallimento-della-nostra-societa-nel-suo-insieme\/","title":{"rendered":"Mattarella: &#8220;La violenza contro le donne \u00e8 un fallimento della nostra societ\u00e0 nel suo insieme&#8221;."},"content":{"rendered":"\n<p>Roma, 25 Nov 2021 - \"Questa Giornata impone di confrontarci, ogni anno, con numeri intollerabili che testimoniano una continua, diffusa e ancora inestirpabile violenza contro le donne. La nostra societ\u00e0 \u00e8 ancora pervasa, in differenti territori e in svariati contesti, da episodi di violenza, verbale, economica, fisica, frutto dell'idea, inaccettabile, che l'uomo possa prevaricare sulla donna utilizzando la forza\".\u00a0Lo dice, in una nota, il Presidente della Repubblica, Sergio Mattarella, in occasione della \"Giornata Internazionale per l'Eliminazione della Violenza contro le Donne\".<\/p>\n\n\n\n<p>\"In molti casi la violenza contro le donne supera il rapporto di coppia e si riversa anzitutto sui bambini, ma anche su altri familiari, amici e persone che tentano di intervenire per arginare questa folle spirale. In tutti i casi, la violenza contro le donne \u00e8 un fallimento della nostra societ\u00e0 nel suo insieme, che non \u00e8 riuscita, nel percorso di liberazione compiuto dalle donne in quest'ultimo secolo, ad accettare una concezione pienamente paritaria dei rapporti di coppia\", aggiunge Mattarella.<\/p>\n\n\n\n<p>Secondo il Capo dello Stato la violenza contro le donne \"prende origine infatti da una visione distorta dei rapporti tra uomo e donna, che vede la seconda come oggetto e in ogni caso come soggetto non degno di un pieno rispetto. \u00c8 nell'idea di inferiorit\u00e0 che pervade, ancora troppo spesso, l'approccio alla questione femminile, in cui si trovano le radici di ogni forma di violenza. Per uscire da questa spirale \u00e8 necessario educare: educare al rispetto, educare alla parit\u00e0, educare all'idea che mai la forza pu\u00f2 costituire uno strumento di dialogo. Gi\u00e0 nelle famiglie si deve diffondere questa educazione e poi nelle scuole, fin dalla prima infanzia\".<\/p>\n\n\n\n<p>\u00c8 fondamentale che le donne che hanno subito violenza sentano intorno a loro un mondo che le accoglie e le protegge, per consentire loro di uscire dal silenzio e liberarsi da quel recinto dove \u00e8 nata la violenza. Solo con una societ\u00e0 pronta a sostenere le vittime sar\u00e0 possibile sconfiggere la violenza contro le donne. Per questo \u00e8 importante l'attivit\u00e0 che ogni giorno portano avanti le istituzioni, le associazioni, le volontarie e i volontari, che tentano di costruire rifugi per curare e prevenire gli episodi di violenza\".<\/p>\n\n\n\n<p>\"La prevenzione della violenza richiede ascolto, interventi, reti di sostegno e in molti casi strumenti per offrire alle donne un'alternativa di vita libera. La dipendenza, spesso di carattere economico, in cui molte di esse si trovano \u00e8 di ostacolo alla ricerca di protezione e alla stessa denuncia degli episodi violenti. Resta ancora molta strada da fare, ma occorre continuare ad operare, individualmente e con azioni collettive, perch\u00e9 eliminare la violenza sulle donne \u00e8 un obiettivo essenziale per il nostro vivere in comune\", conclude Mattarella.<\/p>\n","protected":false},"excerpt":{"rendered":"<p>Roma, 25 Nov 2021 &#8211; &#8220;Questa Giornata impone di confrontarci, ogni anno, con numeri intollerabili che testimoniano una continua, diffusa e ancora inestirpabile violenza contro&#8230;<\/p>\n","protected":false},"author":2,"featured_media":214688,"comment_status":"closed","ping_status":"open","sticky":false,"template":"","format":"standard","meta":[],"categories":[49,50],"tags":[],"_links":{"self":[{"href":"https:\/\/www.cronacaonline.it\/index.php\/wp-json\/wp\/v2\/posts\/214687"}],"collection":[{"href":"https:\/\/www.cronacaonline.it\/index.php\/wp-json\/wp\/v2\/posts"}],"about":[{"href":"https:\/\/www.cronacaonline.it\/index.php\/wp-json\/wp\/v2\/types\/post"}],"author":[{"embeddable":true,"href":"https:\/\/www.cronacaonline.it\/index.php\/wp-json\/wp\/v2\/users\/2"}],"replies":[{"embeddable":true,"href":"https:\/\/www.cronacaonline.it\/index.php\/wp-json\/wp\/v2\/comments?post=214687"}],"version-history":[{"count":1,"href":"https:\/\/www.cronacaonline.it\/index.php\/wp-json\/wp\/v2\/posts\/214687\/revisions"}],"predecessor-version":[{"id":214689,"href":"https:\/\/www.cronacaonline.it\/index.php\/wp-json\/wp\/v2\/posts\/214687\/revisions\/214689"}],"wp:featuredmedia":[{"embeddable":true,"href":"https:\/\/www.cronacaonline.it\/index.php\/wp-json\/wp\/v2\/media\/214688"}],"wp:attachment":[{"href":"https:\/\/www.cronacaonline.it\/index.php\/wp-json\/wp\/v2\/media?parent=214687"}],"wp:term":[{"taxonomy":"category","embeddable":true,"href":"https:\/\/www.cronacaonline.it\/index.php\/wp-json\/wp\/v2\/categories?post=214687"},{"taxonomy":"post_tag","embeddable":true,"href":"https:\/\/www.cronacaonline.it\/index.php\/wp-json\/wp\/v2\/tags?post=214687"}],"curies":[{"name":"wp","href":"https:\/\/api.w.org\/{rel}","templated":true}]}}