{"id":214679,"date":"2021-11-24T17:54:10","date_gmt":"2021-11-24T16:54:10","guid":{"rendered":"https:\/\/www.cronacaonline.it\/?p=214679"},"modified":"2021-11-24T17:54:12","modified_gmt":"2021-11-24T16:54:12","slug":"via-libera-allunanimita-per-il-super-green-pass-in-consiglio-dei-ministri","status":"publish","type":"post","link":"https:\/\/www.cronacaonline.it\/index.php\/2021\/11\/24\/via-libera-allunanimita-per-il-super-green-pass-in-consiglio-dei-ministri\/","title":{"rendered":"Via libera all&#8217;unanimit\u00e0 per il Super Green pass in Consiglio dei ministri."},"content":{"rendered":"\n<p>Roma, 24 Nov 2021 - Il Consiglio dei ministri ha dato il via libera al decreto che rafforza le\u00a0misure anti Covid con la Super Carta Verde. Il provvedimento \u00e8\u00a0stato varato all'unanimit\u00e0.<\/p>\n\n\n\n<p>Il voto favorevole \u00e8 giunto nel corso del Consiglio&nbsp;dei ministri svolto nel pomeriggio, chiamato a decidere delle nuove misure anti-Covid per&nbsp;contrastare la quarta ondata. Il provvedimento aveva gi\u00e0 ottenuto il parere favorevole della Cabina di regia svolta in mattinata. Sul tavolo l'adozione del super green&nbsp;pass che taglia fuori i no vax gi\u00e0 in area bianca, l'obbligo&nbsp;vaccinale da estendere, oltre al comparto sanitario e alle Rsa, alla&nbsp;sicurezza, difesa e personale della scuola.<\/p>\n\n\n\n<p>La stretta sulla Carta Verde valida 9 mesi, e dal 15 dicembre obbligo di vaccinazione il comparto istruzione, difesa e sicurezza. Queste alcune delle misure al vaglio del Cdm, decise in cabina di regia. La super Carta Verde varr\u00e0 anche in zona bianca, ma non per i luoghi di lavoro. Intanto il limite temporale del green pass \u00e8 ridotto a 9 mesi. La terza dose di vaccino sar\u00e0 possibile dopo 5 mesi dalla precedente somministrazione. Dal 15 dicembre si prevede l'obbligo di terza dose per personale sanitario e Rsa.<\/p>\n\n\n\n<p>La cabina di regia inoltre ha deciso l'aumento e il rafforzamento dei controlli da parte delle forze di polizia. Tra le altre ipotesi sul tavolo anche l'estensione della Carta Verde 3G (cio\u00e8 anche con tampone) a trasporti regionali e Inter regionali. Si valuta per il trasporto urbano ma la decisione potrebbe essere problematica a causa dei controlli.<\/p>\n\n\n\n<p>Attivit\u00e0 aperte anche se scatteranno le zone gialla e arancione ma accessi consentiti solo a chi \u00e8 munito della Super Carta Verde, ossia \u00e8 vaccinato o guarito dal Covid. \u00c8 quanto prevede l'ipotesi del nuovo decreto che dovrebbe essere approvato dal Consiglio dei ministri. Una stretta quindi per i non vaccinati dal Covid, ai quali sar\u00e0 vietato l'accesso a bar, ristoranti, alberghi e palestre.<\/p>\n\n\n\n<p>Dal 6 dicembre, il tampone sar\u00e0 valido solo per andare al lavoro, per i servizi essenziali o per gli spostamenti a lunga percorrenza, per il resto varr\u00e0 il Super Green pass anche in zona bianca, quindi per i non vaccinati o guariti dal Covid sar\u00e0 interdetto l'accesso a tutte le attivit\u00e0 per le quali \u00e8 oggi chiesto l'accesso con il Green pass, dai ristoranti al chiuso fino alle palestre.<\/p>\n\n\n\n<p>Non dovrebbero cambiare i termini di validit\u00e0 dei tamponi anti Covid. \u00c8 l'orientamento emerso durante la cabina di regia in corso tra il presidente del Consiglio Mario Draghi e i capidelegazione dei partiti che sostengono il Governo. L'ipotesi era quella di prevedere una riduzione da 72 a 48 ore per la durata del tampone molecolare e da 48 a 24 per l'antigenico, ma allo stato attuale sarebbe stato accantonato.<\/p>\n\n\n\n<p>Il vaccino anti Covid, anche se domani dovesse arrivare l'ok di Ema, non sar\u00e0 obbligatorio per gli under 12.&nbsp; \u00c8 questa la linea emersa durante la cabina di regia. Allo stesso modo, viene riferito, per i ragazzi al di sotto dei 12 anni non sar\u00e0 obbligatorio il green pass. Il tema, viene sottolineato, non \u00e8 all'ordine del giorno.<\/p>\n\n\n\n<p>La super Carta Verde dovrebbe valere&nbsp;in zona bianca solo per il periodo delle feste natalizie e&nbsp;dunque circa un mese a partire dal 6 dicembre. Per\u00f2 la data non \u00e8 ancora decisa,&nbsp;dipender\u00e0 dall'andamento della curva epidemiologica ed \u00e8 oggetto di discussione in Consiglio dei ministri. In zona gialla&nbsp;e arancione, invece, dovrebbe rimanere anche oltre la fine delle&nbsp;festivit\u00e0.&nbsp;<\/p>\n","protected":false},"excerpt":{"rendered":"<p>Roma, 24 Nov 2021 &#8211; Il Consiglio dei ministri ha dato il via libera al decreto che rafforza le\u00a0misure anti Covid con la Super Carta&#8230;<\/p>\n","protected":false},"author":2,"featured_media":214551,"comment_status":"closed","ping_status":"open","sticky":false,"template":"","format":"standard","meta":[],"categories":[49,50],"tags":[],"_links":{"self":[{"href":"https:\/\/www.cronacaonline.it\/index.php\/wp-json\/wp\/v2\/posts\/214679"}],"collection":[{"href":"https:\/\/www.cronacaonline.it\/index.php\/wp-json\/wp\/v2\/posts"}],"about":[{"href":"https:\/\/www.cronacaonline.it\/index.php\/wp-json\/wp\/v2\/types\/post"}],"author":[{"embeddable":true,"href":"https:\/\/www.cronacaonline.it\/index.php\/wp-json\/wp\/v2\/users\/2"}],"replies":[{"embeddable":true,"href":"https:\/\/www.cronacaonline.it\/index.php\/wp-json\/wp\/v2\/comments?post=214679"}],"version-history":[{"count":1,"href":"https:\/\/www.cronacaonline.it\/index.php\/wp-json\/wp\/v2\/posts\/214679\/revisions"}],"predecessor-version":[{"id":214680,"href":"https:\/\/www.cronacaonline.it\/index.php\/wp-json\/wp\/v2\/posts\/214679\/revisions\/214680"}],"wp:featuredmedia":[{"embeddable":true,"href":"https:\/\/www.cronacaonline.it\/index.php\/wp-json\/wp\/v2\/media\/214551"}],"wp:attachment":[{"href":"https:\/\/www.cronacaonline.it\/index.php\/wp-json\/wp\/v2\/media?parent=214679"}],"wp:term":[{"taxonomy":"category","embeddable":true,"href":"https:\/\/www.cronacaonline.it\/index.php\/wp-json\/wp\/v2\/categories?post=214679"},{"taxonomy":"post_tag","embeddable":true,"href":"https:\/\/www.cronacaonline.it\/index.php\/wp-json\/wp\/v2\/tags?post=214679"}],"curies":[{"name":"wp","href":"https:\/\/api.w.org\/{rel}","templated":true}]}}