{"id":214674,"date":"2021-11-24T17:41:06","date_gmt":"2021-11-24T16:41:06","guid":{"rendered":"https:\/\/www.cronacaonline.it\/?p=214674"},"modified":"2021-11-24T17:41:07","modified_gmt":"2021-11-24T16:41:07","slug":"nuovo-piano-delle-cure-territoriali-lassessore-nieddu-incontra-i-rappresentanti-degli-ordini-necessario-superare-lattuale-modello-mettendo-al-centro-il-cittadino","status":"publish","type":"post","link":"https:\/\/www.cronacaonline.it\/index.php\/2021\/11\/24\/nuovo-piano-delle-cure-territoriali-lassessore-nieddu-incontra-i-rappresentanti-degli-ordini-necessario-superare-lattuale-modello-mettendo-al-centro-il-cittadino\/","title":{"rendered":"Nuovo piano delle cure territoriali, l&#8217;assessore Nieddu incontra i rappresentanti degli ordini: \u201cnecessario superare l&#8217;attuale modello mettendo al centro il cittadino\u201d."},"content":{"rendered":"\n<p>Cagliari, 24 Nov 2021\u00a0\u2013 Prosegue il confronto sul Piano di riorganizzazione della medicina territoriale. Dopo gli incontri con i vertici delle aziende sanitarie e con i sindacati, avvenuti nei giorni scorsi, l'assessore della Sanit\u00e0, Mario Nieddu, ha riunito a Cagliari i rappresentanti regionali degli Ordini dei medici e delle professioni sanitarie. \u201cL'emergenza Covid \u2013 dichiara l'esponente della Giunta \u2013 ha evidenziato ovunque la necessit\u00e0 di superare l'attuale modello d'assistenza. Per fare questo abbiamo avanzato una proposta che stiamo condividendo con tutti i portatori di interesse a cui abbiamo chiesto una partecipazione attiva. Il documento che abbiamo presentato \u00e8 un punto di partenza\u201d.<\/p>\n\n\n\n<p>\u201cL'impostazione che abbiamo seguito \u2013 precisa l'assessore \u2013 vuole superare il tradizione modello fondato sul dualismo ospedale-territorio. Nella proposta contenuta nel Piano abbiamo messo al centro il cittadino nei suoi bisogni d'assistenza e di cure. In questo nuovo modello non \u00e8 pi\u00f9 il paziente a doversi orientare nel sistema sanitario per ottenere le risposte che cerca, ma sar\u00e0 il sistema stesso a prendere per mano il cittadino e accompagnarlo nel percorso pi\u00f9 appropriato, avvicinando quanto pi\u00f9 possibile i servizi alle persone. In quest'ottica un ruolo fondamentale sar\u00e0 svolto dalle strutture intermedie, gli Ospedali di Comunit\u00e0 e le Case di Comunit\u00e0, che saranno diffuse in modo capillare sul territorio\u201d.<\/p>\n\n\n\n<p>\u201cAttualmente \u2013 precisa l'esponente della Giunta \u2013 i cittadini si rivolgono unicamente ai pronto soccorso e all'ospedale identificando questi come gli unici luoghi in cui ottenere le risposte ai proprio bisogni, senza tenere conto dell'intensit\u00e0 delle cure richieste. Questo modello oggi \u00e8 in crisi. La strada per un sistema che riesca ad essere efficiente e sostenibile non pu\u00f2 prescindere dall'appropriatezza delle cure\u201d.<\/p>\n\n\n\n<p>\u201cLa bozza tecnica che abbiamo elaborato \u2013 conclude l'assessore Nieddu \u2013 non \u00e8 un libro dei sogni, ma \u00e8 un documento programmatico in cui abbiamo indicato cosa intendiamo fare, come farlo e quali dovranno essere le risorse necessarie. Oggi il tema pi\u00f9 delicato \u00e8 quello relativo alle figure professionali, oggi carenti su tutto il territorio, ma anche su questo fronte abbiamo fissato obiettivi di breve, medio e lungo termine, partendo dal fatto che la Regione, dopo tanto tempo, sta ripartendo proprio dalla formazione dei medici e delle altre figure del comparto con investimenti mai visti prima\u201d. Com<\/p>\n","protected":false},"excerpt":{"rendered":"<p>Cagliari, 24 Nov 2021\u00a0\u2013 Prosegue il confronto sul Piano di riorganizzazione della medicina territoriale. Dopo gli incontri con i vertici delle aziende sanitarie e con&#8230;<\/p>\n","protected":false},"author":2,"featured_media":214675,"comment_status":"closed","ping_status":"open","sticky":false,"template":"","format":"standard","meta":[],"categories":[49,52],"tags":[],"_links":{"self":[{"href":"https:\/\/www.cronacaonline.it\/index.php\/wp-json\/wp\/v2\/posts\/214674"}],"collection":[{"href":"https:\/\/www.cronacaonline.it\/index.php\/wp-json\/wp\/v2\/posts"}],"about":[{"href":"https:\/\/www.cronacaonline.it\/index.php\/wp-json\/wp\/v2\/types\/post"}],"author":[{"embeddable":true,"href":"https:\/\/www.cronacaonline.it\/index.php\/wp-json\/wp\/v2\/users\/2"}],"replies":[{"embeddable":true,"href":"https:\/\/www.cronacaonline.it\/index.php\/wp-json\/wp\/v2\/comments?post=214674"}],"version-history":[{"count":1,"href":"https:\/\/www.cronacaonline.it\/index.php\/wp-json\/wp\/v2\/posts\/214674\/revisions"}],"predecessor-version":[{"id":214676,"href":"https:\/\/www.cronacaonline.it\/index.php\/wp-json\/wp\/v2\/posts\/214674\/revisions\/214676"}],"wp:featuredmedia":[{"embeddable":true,"href":"https:\/\/www.cronacaonline.it\/index.php\/wp-json\/wp\/v2\/media\/214675"}],"wp:attachment":[{"href":"https:\/\/www.cronacaonline.it\/index.php\/wp-json\/wp\/v2\/media?parent=214674"}],"wp:term":[{"taxonomy":"category","embeddable":true,"href":"https:\/\/www.cronacaonline.it\/index.php\/wp-json\/wp\/v2\/categories?post=214674"},{"taxonomy":"post_tag","embeddable":true,"href":"https:\/\/www.cronacaonline.it\/index.php\/wp-json\/wp\/v2\/tags?post=214674"}],"curies":[{"name":"wp","href":"https:\/\/api.w.org\/{rel}","templated":true}]}}