{"id":214633,"date":"2021-11-24T09:41:10","date_gmt":"2021-11-24T08:41:10","guid":{"rendered":"https:\/\/www.cronacaonline.it\/?p=214633"},"modified":"2021-11-24T09:41:11","modified_gmt":"2021-11-24T08:41:11","slug":"super-green-pass-da-obbligo-terza-dose-ai-sanitari-al-doppio-binario-per-gli-immunizzati","status":"publish","type":"post","link":"https:\/\/www.cronacaonline.it\/index.php\/2021\/11\/24\/super-green-pass-da-obbligo-terza-dose-ai-sanitari-al-doppio-binario-per-gli-immunizzati\/","title":{"rendered":"Super Green Pass: da obbligo terza dose ai sanitari al doppio binario per gli immunizzati."},"content":{"rendered":"\n<p>Roma, 24 Nov 2021 - Si terranno oggi, come da previsioni, la cabina di regia e il Consiglio dei ministri sulle misure anti-Covid da mettere in campo per contrastare la quarta ondata. Il governo valuter\u00e0 le proposte delle Regioni sul cosiddetto \"super green pass\", ovvero sull'applicazione di eventuali misure restrittive solo ai non vaccinati. \u00c8 quanto emerso dall'incontro tra esecutivo e governatori.<\/p>\n\n\n\n<p>Al provvedimento stanno lavorando i tecnici di palazzo Chigi e dei ministeri interessati, con diverse misure e livelli d'intervento. La posizione delle regioni \u00e8 che, in caso di un peggioramento della situazione con l'aumento dei contagi e dei ricoveri, non bisogna chiudere di nuovo il paese e non va punito chi si \u00e8 vaccinato.<\/p>\n\n\n\n<p>Per dare certezze alle categorie produttive e all'economia, andrebbe introdotto un doppio binario per il green pass: un certificato che consentirebbe a chi si \u00e8 immunizzato di continuare a usufruire di ogni attivit\u00e0 sociale e ricreativa e un altro per chi ha scelto di non vaccinarsi, che permetterebbe solo l'accesso ai luoghi di lavoro e ai servizi essenziali.<\/p>\n\n\n\n<p>Su quali siano le condizioni in cui scatta il \"super green pass\" la posizione dei presidenti non \u00e8 per\u00f2 unanime. Alcuni di loro hanno chiesto che le limitazioni per i non vaccinati, con il divieto di entrare in ristoranti, cinema, teatri, palestre, piscine, stadi, siano operative gi\u00e0 in zona bianca. Altri invece spingono affinch\u00e9 le misure scattino dalla zona gialla o arancione, dove sono previste alcune limitazioni.<\/p>\n\n\n\n<p>I presidenti delle regioni pi\u00f9 esposte, dalla Liguria al Friuli Venezia Giulia, fino al Veneto, hanno chiesto al governo anche il ripristino dei controlli alle frontiere, con i tamponi agli aeroporti e le verifiche su chi arriva dai paesi pi\u00f9 in difficolt\u00e0, per arginare l'ondata di contagi che arriva soprattutto dall'Est Europa. Fonti ministeriali hanno sostenuto per\u00f2 che un'eventuale intervento in questo senso scatterebbe solo in seguito a una decisione dell'Ue.<\/p>\n\n\n\n<p>Una scelta \u00e8 invece gi\u00e0 stata fatta dal governo ed \u00e8 la riduzione da 6 a 5 mesi dell'intervallo tra la conclusione del ciclo vaccinale e la terza dose. La circolare che stabilisce l'anticipo \u00e8 stata firmata oggi, marted\u00ec, dal direttore della prevenzione del ministero della Salute, Gianni Rezza: \"L'intervallo minimo previsto per la somministrazione della dose booster (di richiamo) con vaccino a m-rna alle categorie per cui \u00e8 gi\u00e0 raccomandata (inclusi tutti i soggetti vaccinati con unica dose di vaccino Janssen) e nei dosaggi autorizzati - si legge - \u00e8 aggiornato a cinque mesi (150 giorni) dal completamento del ciclo primario di vaccinazione, indipendentemente dal vaccino precedentemente utilizzato\".<\/p>\n\n\n\n<p>Tra i provvedimenti annunciati e dati per certi, c'\u00e8 anche la riduzione della durata del green pass, che passer\u00e0 da 12 a 9 mesi, anche se alcuni nella comunit\u00e0 scientifica spingono per una durata di 6 mesi. Su questo il comitato tecnico scientifico dovrebbe esprimere un parere, ma gi\u00e0 ad agosto, quando aveva portato la durata ad un anno, gli esperti avevano sottolineato che \"la valutazione...potr\u00e0 essere in futuro, eventualmente, rivista qualora emergano nuovi dati o siano pubblicati studi scientifici che orientino verso diversa conclusione\".<\/p>\n\n\n\n<p>Altra misura che non dovrebbe trovare ostacoli \u00e8 l'obbligo della terza dose per i sanitari e il personale delle Rsa. Tra gli esperti si discute anche della possibilit\u00e0 che l'obbligo sia esteso ad altre categorie, in particolare quelle pi\u00f9 esposte al contatto con il pubblico: forze di polizia, dipendenti della pubblica amministrazione, professori.<\/p>\n\n\n\n<p>Dibattito aperto anche sulla validit\u00e0 della durata dei tamponi. Tra la comunit\u00e0 scientifica c'\u00e8 chi sostiene che debba essere ridotta poich\u00e9 i risultati non garantiscono il 100% di attendibilit\u00e0: da 48 a 24 ore per i test antigenici e da 72 a 48 ore per quelli molecolari.<\/p>\n","protected":false},"excerpt":{"rendered":"<p>Roma, 24 Nov 2021 &#8211; Si terranno oggi, come da previsioni, la cabina di regia e il Consiglio dei ministri sulle misure anti-Covid da mettere&#8230;<\/p>\n","protected":false},"author":2,"featured_media":214551,"comment_status":"closed","ping_status":"open","sticky":false,"template":"","format":"standard","meta":[],"categories":[49,50],"tags":[],"_links":{"self":[{"href":"https:\/\/www.cronacaonline.it\/index.php\/wp-json\/wp\/v2\/posts\/214633"}],"collection":[{"href":"https:\/\/www.cronacaonline.it\/index.php\/wp-json\/wp\/v2\/posts"}],"about":[{"href":"https:\/\/www.cronacaonline.it\/index.php\/wp-json\/wp\/v2\/types\/post"}],"author":[{"embeddable":true,"href":"https:\/\/www.cronacaonline.it\/index.php\/wp-json\/wp\/v2\/users\/2"}],"replies":[{"embeddable":true,"href":"https:\/\/www.cronacaonline.it\/index.php\/wp-json\/wp\/v2\/comments?post=214633"}],"version-history":[{"count":1,"href":"https:\/\/www.cronacaonline.it\/index.php\/wp-json\/wp\/v2\/posts\/214633\/revisions"}],"predecessor-version":[{"id":214634,"href":"https:\/\/www.cronacaonline.it\/index.php\/wp-json\/wp\/v2\/posts\/214633\/revisions\/214634"}],"wp:featuredmedia":[{"embeddable":true,"href":"https:\/\/www.cronacaonline.it\/index.php\/wp-json\/wp\/v2\/media\/214551"}],"wp:attachment":[{"href":"https:\/\/www.cronacaonline.it\/index.php\/wp-json\/wp\/v2\/media?parent=214633"}],"wp:term":[{"taxonomy":"category","embeddable":true,"href":"https:\/\/www.cronacaonline.it\/index.php\/wp-json\/wp\/v2\/categories?post=214633"},{"taxonomy":"post_tag","embeddable":true,"href":"https:\/\/www.cronacaonline.it\/index.php\/wp-json\/wp\/v2\/tags?post=214633"}],"curies":[{"name":"wp","href":"https:\/\/api.w.org\/{rel}","templated":true}]}}