{"id":214604,"date":"2021-11-23T14:00:09","date_gmt":"2021-11-23T13:00:09","guid":{"rendered":"https:\/\/www.cronacaonline.it\/?p=214604"},"modified":"2021-11-23T14:00:10","modified_gmt":"2021-11-23T13:00:10","slug":"air-italy-dichiarazione-della-deputata-romina-mura-pd-a-giorgetti-appello-prima-del-disastro","status":"publish","type":"post","link":"https:\/\/www.cronacaonline.it\/index.php\/2021\/11\/23\/air-italy-dichiarazione-della-deputata-romina-mura-pd-a-giorgetti-appello-prima-del-disastro\/","title":{"rendered":"Air Italy: dichiarazione della Deputata Romina Mura (Pd), a Giorgetti appello prima del disastro."},"content":{"rendered":"\n<p>Cagliari, 23 Nov 2021 - \u201cLanciamo al ministro Giorgetti un altro appello prima che si consumi il disastro della compagnia aerea e delle famiglie che resteranno senza reddito. Dev\u2019essere chiaro che da una parte c\u2019\u00e8 chi ha continuato a lottare e a guadagnare tempo, dall\u2019altra c\u2019\u00e8 stato chi ha opposto un muro di silenzio e inerzia: si pu\u00f2 credere che il destino di Air Italy al Mise sia gi\u00e0 stato deciso e che questo destino sia la liquidazione e il licenziamento dei lavoratori, uno dei pi\u00f9 massicci in Italia dall\u2019inizio dell\u2019anno.\u00a0Non possiamo accettare tutto questo, solo le istituzioni hanno la forza di trattare con l\u2019azienda\u201d.<\/p>\n\n\n\n<p>Lo afferma in una nota la presidente della commissione Lavoro della Camera Romina Mura (Pd), dopo che&nbsp;il liquidatore della compagnia aerea ha ribadito che Air Italy non intende chiedere il prolungamento della cassa integrazione e proseguir\u00e0 con la procedura di licenziamento collettivo, che scatter\u00e0 dall'8 dicembre.<\/p>\n\n\n\n<p>\u201cL\u2019assenza&nbsp;del Ministero dello sviluppo economico e delle Regioni&nbsp;al confronto con le parti sociali \u2013&nbsp;aggiunge la parlamentare -&nbsp;\u00e8 un\u2019autodenuncia pubblica di disinteresse. E tanto vale anche per&nbsp;il presidente Solinas, che si \u00e8 limitato&nbsp;a emettere flebili richieste, quando invece doveva andare ad accamparsi sotto&nbsp;l\u2019ufficio di Giorgetti, e non solo per Air Italy. Ancora meno pervenuta la Regione Lombardia che&nbsp;- conclude Mura -&nbsp;sembra del tutto estranea a questa vicenda che pur incide sul suo territorio\u201d. Red<\/p>\n","protected":false},"excerpt":{"rendered":"<p>Cagliari, 23 Nov 2021 &#8211; \u201cLanciamo al ministro Giorgetti un altro appello prima che si consumi il disastro della compagnia aerea e delle famiglie che&#8230;<\/p>\n","protected":false},"author":2,"featured_media":211152,"comment_status":"closed","ping_status":"open","sticky":false,"template":"","format":"standard","meta":[],"categories":[49,52],"tags":[],"_links":{"self":[{"href":"https:\/\/www.cronacaonline.it\/index.php\/wp-json\/wp\/v2\/posts\/214604"}],"collection":[{"href":"https:\/\/www.cronacaonline.it\/index.php\/wp-json\/wp\/v2\/posts"}],"about":[{"href":"https:\/\/www.cronacaonline.it\/index.php\/wp-json\/wp\/v2\/types\/post"}],"author":[{"embeddable":true,"href":"https:\/\/www.cronacaonline.it\/index.php\/wp-json\/wp\/v2\/users\/2"}],"replies":[{"embeddable":true,"href":"https:\/\/www.cronacaonline.it\/index.php\/wp-json\/wp\/v2\/comments?post=214604"}],"version-history":[{"count":1,"href":"https:\/\/www.cronacaonline.it\/index.php\/wp-json\/wp\/v2\/posts\/214604\/revisions"}],"predecessor-version":[{"id":214605,"href":"https:\/\/www.cronacaonline.it\/index.php\/wp-json\/wp\/v2\/posts\/214604\/revisions\/214605"}],"wp:featuredmedia":[{"embeddable":true,"href":"https:\/\/www.cronacaonline.it\/index.php\/wp-json\/wp\/v2\/media\/211152"}],"wp:attachment":[{"href":"https:\/\/www.cronacaonline.it\/index.php\/wp-json\/wp\/v2\/media?parent=214604"}],"wp:term":[{"taxonomy":"category","embeddable":true,"href":"https:\/\/www.cronacaonline.it\/index.php\/wp-json\/wp\/v2\/categories?post=214604"},{"taxonomy":"post_tag","embeddable":true,"href":"https:\/\/www.cronacaonline.it\/index.php\/wp-json\/wp\/v2\/tags?post=214604"}],"curies":[{"name":"wp","href":"https:\/\/api.w.org\/{rel}","templated":true}]}}